{"id":22663,"date":"2023-05-10T11:01:00","date_gmt":"2023-05-10T09:01:00","guid":{"rendered":"https:\/\/agora.xtec.cat\/iesmallafre\/?p=22663"},"modified":"2023-05-10T11:04:56","modified_gmt":"2023-05-10T09:04:56","slug":"espectacle-requiem-del-coreograf-pere-faura","status":"publish","type":"post","link":"https:\/\/agora.xtec.cat\/iesmallafre\/general\/espectacle-requiem-del-coreograf-pere-faura\/","title":{"rendered":"Espectacle R\u00e8quiem del core\u00f2graf Pere Faura"},"content":{"rendered":"<p>L&#8217;alumnat de l&#8217;esc\u00e8nic que va assistir ahir dissabte a l&#8217;espectacle R\u00e8quiem nocturn de Pere Faura, i a la xerrada pr\u00e8via amb el core\u00f2graf i els membres de la companyia, van sortir entusiasmats del Teatre Principal.<\/p>\n<p>&nbsp;<\/p>\n<p><a href=\"https:\/\/agora.xtec.cat\/iesmallafre\/wp-content\/uploads\/usu105\/2023\/05\/WhatsApp-Image-2023-05-07-at-12.49.30.jpeg\"><img loading=\"lazy\" decoding=\"async\" class=\"wp-image-22665 aligncenter\" src=\"https:\/\/agora.xtec.cat\/iesmallafre\/wp-content\/uploads\/usu105\/2023\/05\/WhatsApp-Image-2023-05-07-at-12.49.30-1024x620.jpeg\" alt=\"\" width=\"566\" height=\"343\" srcset=\"https:\/\/agora.xtec.cat\/iesmallafre\/wp-content\/uploads\/usu105\/2023\/05\/WhatsApp-Image-2023-05-07-at-12.49.30-1024x620.jpeg 1024w, https:\/\/agora.xtec.cat\/iesmallafre\/wp-content\/uploads\/usu105\/2023\/05\/WhatsApp-Image-2023-05-07-at-12.49.30-300x182.jpeg 300w, https:\/\/agora.xtec.cat\/iesmallafre\/wp-content\/uploads\/usu105\/2023\/05\/WhatsApp-Image-2023-05-07-at-12.49.30-768x465.jpeg 768w, https:\/\/agora.xtec.cat\/iesmallafre\/wp-content\/uploads\/usu105\/2023\/05\/WhatsApp-Image-2023-05-07-at-12.49.30-1536x930.jpeg 1536w, https:\/\/agora.xtec.cat\/iesmallafre\/wp-content\/uploads\/usu105\/2023\/05\/WhatsApp-Image-2023-05-07-at-12.49.30.jpeg 2048w\" sizes=\"auto, (max-width: 566px) 100vw, 566px\" \/><\/a><\/p>\n<p><a href=\"https:\/\/agora.xtec.cat\/iesmallafre\/wp-content\/uploads\/usu105\/2023\/05\/WhatsApp-Image-2023-05-08-at-10.40.04.jpeg\"><img loading=\"lazy\" decoding=\"async\" class=\"wp-image-22667 aligncenter\" src=\"https:\/\/agora.xtec.cat\/iesmallafre\/wp-content\/uploads\/usu105\/2023\/05\/WhatsApp-Image-2023-05-08-at-10.40.04.jpeg\" alt=\"\" width=\"567\" height=\"756\" srcset=\"https:\/\/agora.xtec.cat\/iesmallafre\/wp-content\/uploads\/usu105\/2023\/05\/WhatsApp-Image-2023-05-08-at-10.40.04.jpeg 768w, https:\/\/agora.xtec.cat\/iesmallafre\/wp-content\/uploads\/usu105\/2023\/05\/WhatsApp-Image-2023-05-08-at-10.40.04-225x300.jpeg 225w\" sizes=\"auto, (max-width: 567px) 100vw, 567px\" \/><\/a><\/p>\n","protected":false},"excerpt":{"rendered":"<p>L&#8217;alumnat de l&#8217;esc\u00e8nic que va assistir ahir dissabte a l&#8217;espectacle R\u00e8quiem nocturn de Pere Faura, i a la xerrada pr\u00e8via amb el core\u00f2graf i els membres de la companyia, van sortir entusiasmats del Teatre Principal.<br \/>\n&nbsp;<br \/>\n<a href=\"https:\/\/agora.xtec.cat\/iesmallafre\/wp-content\/uploads\/usu105\/2023\/05\/WhatsApp-Image-2023-05-07-at-12.49.30.jpeg\"><\/a><br \/>\n<a href=\"https:\/\/agora.xtec.cat\/iesmallafre\/wp-content\/uploads\/usu105\/2023\/05\/WhatsApp-Image-2023-05-08-at-10.40.04.jpeg\"><\/a><\/p>\n","protected":false},"author":16,"featured_media":22664,"comment_status":"open","ping_status":"closed","sticky":false,"template":"","format":"standard","meta":{"_bbp_topic_count":0,"_bbp_reply_count":0,"_bbp_total_topic_count":0,"_bbp_total_reply_count":0,"_bbp_voice_count":0,"_bbp_anonymous_reply_count":0,"_bbp_topic_count_hidden":0,"_bbp_reply_count_hidden":0,"_bbp_forum_subforum_count":0,"footnotes":""},"categories":[8,1,29],"tags":[],"class_list":["post-22663","post","type-post","status-publish","format-standard","has-post-thumbnail","hentry","category-batxillerat","category-general","category-portada"],"post_mailing_queue_ids":[],"_links":{"self":[{"href":"https:\/\/agora.xtec.cat\/iesmallafre\/wp-json\/wp\/v2\/posts\/22663","targetHints":{"allow":["GET"]}}],"collection":[{"href":"https:\/\/agora.xtec.cat\/iesmallafre\/wp-json\/wp\/v2\/posts"}],"about":[{"href":"https:\/\/agora.xtec.cat\/iesmallafre\/wp-json\/wp\/v2\/types\/post"}],"author":[{"embeddable":true,"href":"https:\/\/agora.xtec.cat\/iesmallafre\/wp-json\/wp\/v2\/users\/16"}],"replies":[{"embeddable":true,"href":"https:\/\/agora.xtec.cat\/iesmallafre\/wp-json\/wp\/v2\/comments?post=22663"}],"version-history":[{"count":3,"href":"https:\/\/agora.xtec.cat\/iesmallafre\/wp-json\/wp\/v2\/posts\/22663\/revisions"}],"predecessor-version":[{"id":22669,"href":"https:\/\/agora.xtec.cat\/iesmallafre\/wp-json\/wp\/v2\/posts\/22663\/revisions\/22669"}],"wp:featuredmedia":[{"embeddable":true,"href":"https:\/\/agora.xtec.cat\/iesmallafre\/wp-json\/wp\/v2\/media\/22664"}],"wp:attachment":[{"href":"https:\/\/agora.xtec.cat\/iesmallafre\/wp-json\/wp\/v2\/media?parent=22663"}],"wp:term":[{"taxonomy":"category","embeddable":true,"href":"https:\/\/agora.xtec.cat\/iesmallafre\/wp-json\/wp\/v2\/categories?post=22663"},{"taxonomy":"post_tag","embeddable":true,"href":"https:\/\/agora.xtec.cat\/iesmallafre\/wp-json\/wp\/v2\/tags?post=22663"}],"curies":[{"name":"wp","href":"https:\/\/api.w.org\/{rel}","templated":true}]}}