{"id":22542,"date":"2023-04-18T11:07:55","date_gmt":"2023-04-18T09:07:55","guid":{"rendered":"https:\/\/agora.xtec.cat\/iesmallafre\/?p=22542"},"modified":"2023-04-18T11:08:44","modified_gmt":"2023-04-18T09:08:44","slug":"jornada-de-portes-obertes-de-batxillerat","status":"publish","type":"post","link":"https:\/\/agora.xtec.cat\/iesmallafre\/batxillerat\/jornada-de-portes-obertes-de-batxillerat\/","title":{"rendered":"Jornada de Portes obertes de Batxillerat"},"content":{"rendered":"<p>Dissabte 15 d&#8217;abril vam fer les portes obertes per explicar les modalitat de Batxillerat del nostre centre.<\/p>\n<p>Recordeu que al Dolors Mallafr\u00e8 podeu fer un d&#8217;aquests Batxillerats:<br \/>\nCient\u00edfic, tecnol\u00f2gic, human\u00edstic, social, o el d&#8217;arts (arts pl\u00e0stiques i disseny o arts esc\u00e8niques i m\u00fasica)<\/p>\n<p>La preinscripci\u00f3 de Batxillerat per al curs 23-24 es far\u00e0 de manera telem\u00e0tica del 19 al 25 d&#8217;abril (podeu consultar m\u00e9s informaci\u00f3 a la p\u00e0gina web de l&#8217;institut.)<\/p>\n<p><a href=\"https:\/\/agora.xtec.cat\/iesmallafre\/wp-content\/uploads\/usu105\/2023\/04\/WhatsApp-Image-2023-04-17-at-08.39.041.jpeg\"><img loading=\"lazy\" decoding=\"async\" class=\"wp-image-22543 aligncenter\" src=\"https:\/\/agora.xtec.cat\/iesmallafre\/wp-content\/uploads\/usu105\/2023\/04\/WhatsApp-Image-2023-04-17-at-08.39.041-1024x768.jpeg\" alt=\"\" width=\"592\" height=\"444\" srcset=\"https:\/\/agora.xtec.cat\/iesmallafre\/wp-content\/uploads\/usu105\/2023\/04\/WhatsApp-Image-2023-04-17-at-08.39.041-1024x768.jpeg 1024w, https:\/\/agora.xtec.cat\/iesmallafre\/wp-content\/uploads\/usu105\/2023\/04\/WhatsApp-Image-2023-04-17-at-08.39.041-300x225.jpeg 300w, https:\/\/agora.xtec.cat\/iesmallafre\/wp-content\/uploads\/usu105\/2023\/04\/WhatsApp-Image-2023-04-17-at-08.39.041-768x576.jpeg 768w, https:\/\/agora.xtec.cat\/iesmallafre\/wp-content\/uploads\/usu105\/2023\/04\/WhatsApp-Image-2023-04-17-at-08.39.041-1536x1152.jpeg 1536w, https:\/\/agora.xtec.cat\/iesmallafre\/wp-content\/uploads\/usu105\/2023\/04\/WhatsApp-Image-2023-04-17-at-08.39.041-200x150.jpeg 200w, https:\/\/agora.xtec.cat\/iesmallafre\/wp-content\/uploads\/usu105\/2023\/04\/WhatsApp-Image-2023-04-17-at-08.39.041.jpeg 2048w\" sizes=\"auto, (max-width: 592px) 100vw, 592px\" \/><\/a><\/p>\n<p><a href=\"https:\/\/agora.xtec.cat\/iesmallafre\/wp-content\/uploads\/usu105\/2023\/04\/WhatsApp-Image-2023-04-17-at-08.38.501.jpeg\"><img loading=\"lazy\" decoding=\"async\" class=\"wp-image-22545 aligncenter\" src=\"https:\/\/agora.xtec.cat\/iesmallafre\/wp-content\/uploads\/usu105\/2023\/04\/WhatsApp-Image-2023-04-17-at-08.38.501-768x1024.jpeg\" alt=\"\" width=\"602\" height=\"803\" srcset=\"https:\/\/agora.xtec.cat\/iesmallafre\/wp-content\/uploads\/usu105\/2023\/04\/WhatsApp-Image-2023-04-17-at-08.38.501-768x1024.jpeg 768w, https:\/\/agora.xtec.cat\/iesmallafre\/wp-content\/uploads\/usu105\/2023\/04\/WhatsApp-Image-2023-04-17-at-08.38.501-225x300.jpeg 225w, https:\/\/agora.xtec.cat\/iesmallafre\/wp-content\/uploads\/usu105\/2023\/04\/WhatsApp-Image-2023-04-17-at-08.38.501-1152x1536.jpeg 1152w, https:\/\/agora.xtec.cat\/iesmallafre\/wp-content\/uploads\/usu105\/2023\/04\/WhatsApp-Image-2023-04-17-at-08.38.501.jpeg 1500w\" sizes=\"auto, (max-width: 602px) 100vw, 602px\" \/><\/a><\/p>\n<p><a href=\"https:\/\/agora.xtec.cat\/iesmallafre\/wp-content\/uploads\/usu105\/2023\/04\/WhatsApp-Image-2023-04-17-at-08.38.50.jpeg\"><img loading=\"lazy\" decoding=\"async\" class=\"wp-image-22546 aligncenter\" src=\"https:\/\/agora.xtec.cat\/iesmallafre\/wp-content\/uploads\/usu105\/2023\/04\/WhatsApp-Image-2023-04-17-at-08.38.50-768x1024.jpeg\" alt=\"\" width=\"599\" height=\"799\" srcset=\"https:\/\/agora.xtec.cat\/iesmallafre\/wp-content\/uploads\/usu105\/2023\/04\/WhatsApp-Image-2023-04-17-at-08.38.50-768x1024.jpeg 768w, https:\/\/agora.xtec.cat\/iesmallafre\/wp-content\/uploads\/usu105\/2023\/04\/WhatsApp-Image-2023-04-17-at-08.38.50-225x300.jpeg 225w, https:\/\/agora.xtec.cat\/iesmallafre\/wp-content\/uploads\/usu105\/2023\/04\/WhatsApp-Image-2023-04-17-at-08.38.50-1152x1536.jpeg 1152w, https:\/\/agora.xtec.cat\/iesmallafre\/wp-content\/uploads\/usu105\/2023\/04\/WhatsApp-Image-2023-04-17-at-08.38.50.jpeg 1500w\" sizes=\"auto, (max-width: 599px) 100vw, 599px\" \/><\/a><\/p>\n<p><a href=\"https:\/\/agora.xtec.cat\/iesmallafre\/wp-content\/uploads\/usu105\/2023\/04\/WhatsApp-Image-2023-04-17-at-08.38.491.jpeg\"><img loading=\"lazy\" decoding=\"async\" class=\"wp-image-22547 aligncenter\" src=\"https:\/\/agora.xtec.cat\/iesmallafre\/wp-content\/uploads\/usu105\/2023\/04\/WhatsApp-Image-2023-04-17-at-08.38.491-768x1024.jpeg\" alt=\"\" width=\"596\" height=\"795\" srcset=\"https:\/\/agora.xtec.cat\/iesmallafre\/wp-content\/uploads\/usu105\/2023\/04\/WhatsApp-Image-2023-04-17-at-08.38.491-768x1024.jpeg 768w, https:\/\/agora.xtec.cat\/iesmallafre\/wp-content\/uploads\/usu105\/2023\/04\/WhatsApp-Image-2023-04-17-at-08.38.491-225x300.jpeg 225w, https:\/\/agora.xtec.cat\/iesmallafre\/wp-content\/uploads\/usu105\/2023\/04\/WhatsApp-Image-2023-04-17-at-08.38.491-1152x1536.jpeg 1152w, https:\/\/agora.xtec.cat\/iesmallafre\/wp-content\/uploads\/usu105\/2023\/04\/WhatsApp-Image-2023-04-17-at-08.38.491.jpeg 1500w\" sizes=\"auto, (max-width: 596px) 100vw, 596px\" \/><\/a><\/p>\n<p><a href=\"https:\/\/agora.xtec.cat\/iesmallafre\/wp-content\/uploads\/usu105\/2023\/04\/WhatsApp-Image-2023-04-17-at-08.38.49.jpeg\"><img loading=\"lazy\" decoding=\"async\" class=\"wp-image-22548 aligncenter\" src=\"https:\/\/agora.xtec.cat\/iesmallafre\/wp-content\/uploads\/usu105\/2023\/04\/WhatsApp-Image-2023-04-17-at-08.38.49-768x1024.jpeg\" alt=\"\" width=\"588\" height=\"784\" srcset=\"https:\/\/agora.xtec.cat\/iesmallafre\/wp-content\/uploads\/usu105\/2023\/04\/WhatsApp-Image-2023-04-17-at-08.38.49-768x1024.jpeg 768w, https:\/\/agora.xtec.cat\/iesmallafre\/wp-content\/uploads\/usu105\/2023\/04\/WhatsApp-Image-2023-04-17-at-08.38.49-225x300.jpeg 225w, https:\/\/agora.xtec.cat\/iesmallafre\/wp-content\/uploads\/usu105\/2023\/04\/WhatsApp-Image-2023-04-17-at-08.38.49-1152x1536.jpeg 1152w, https:\/\/agora.xtec.cat\/iesmallafre\/wp-content\/uploads\/usu105\/2023\/04\/WhatsApp-Image-2023-04-17-at-08.38.49.jpeg 1500w\" sizes=\"auto, (max-width: 588px) 100vw, 588px\" \/><\/a><\/p>\n<p><a href=\"https:\/\/agora.xtec.cat\/iesmallafre\/wp-content\/uploads\/usu105\/2023\/04\/WhatsApp-Image-2023-04-17-at-08.38.482.jpeg\"><img loading=\"lazy\" decoding=\"async\" class=\"wp-image-22549 aligncenter\" src=\"https:\/\/agora.xtec.cat\/iesmallafre\/wp-content\/uploads\/usu105\/2023\/04\/WhatsApp-Image-2023-04-17-at-08.38.482-1024x768.jpeg\" alt=\"\" width=\"565\" height=\"424\" srcset=\"https:\/\/agora.xtec.cat\/iesmallafre\/wp-content\/uploads\/usu105\/2023\/04\/WhatsApp-Image-2023-04-17-at-08.38.482-1024x768.jpeg 1024w, https:\/\/agora.xtec.cat\/iesmallafre\/wp-content\/uploads\/usu105\/2023\/04\/WhatsApp-Image-2023-04-17-at-08.38.482-300x225.jpeg 300w, https:\/\/agora.xtec.cat\/iesmallafre\/wp-content\/uploads\/usu105\/2023\/04\/WhatsApp-Image-2023-04-17-at-08.38.482-768x576.jpeg 768w, https:\/\/agora.xtec.cat\/iesmallafre\/wp-content\/uploads\/usu105\/2023\/04\/WhatsApp-Image-2023-04-17-at-08.38.482-1536x1152.jpeg 1536w, https:\/\/agora.xtec.cat\/iesmallafre\/wp-content\/uploads\/usu105\/2023\/04\/WhatsApp-Image-2023-04-17-at-08.38.482-200x150.jpeg 200w, https:\/\/agora.xtec.cat\/iesmallafre\/wp-content\/uploads\/usu105\/2023\/04\/WhatsApp-Image-2023-04-17-at-08.38.482.jpeg 2000w\" sizes=\"auto, (max-width: 565px) 100vw, 565px\" \/><\/a><\/p>\n<p><a href=\"https:\/\/agora.xtec.cat\/iesmallafre\/wp-content\/uploads\/usu105\/2023\/04\/WhatsApp-Image-2023-04-17-at-08.38.481.jpeg\"><img loading=\"lazy\" decoding=\"async\" class=\"wp-image-22550 aligncenter\" src=\"https:\/\/agora.xtec.cat\/iesmallafre\/wp-content\/uploads\/usu105\/2023\/04\/WhatsApp-Image-2023-04-17-at-08.38.481-1024x768.jpeg\" alt=\"\" width=\"590\" height=\"443\" srcset=\"https:\/\/agora.xtec.cat\/iesmallafre\/wp-content\/uploads\/usu105\/2023\/04\/WhatsApp-Image-2023-04-17-at-08.38.481-1024x768.jpeg 1024w, https:\/\/agora.xtec.cat\/iesmallafre\/wp-content\/uploads\/usu105\/2023\/04\/WhatsApp-Image-2023-04-17-at-08.38.481-300x225.jpeg 300w, https:\/\/agora.xtec.cat\/iesmallafre\/wp-content\/uploads\/usu105\/2023\/04\/WhatsApp-Image-2023-04-17-at-08.38.481-768x576.jpeg 768w, https:\/\/agora.xtec.cat\/iesmallafre\/wp-content\/uploads\/usu105\/2023\/04\/WhatsApp-Image-2023-04-17-at-08.38.481-1536x1152.jpeg 1536w, https:\/\/agora.xtec.cat\/iesmallafre\/wp-content\/uploads\/usu105\/2023\/04\/WhatsApp-Image-2023-04-17-at-08.38.481-200x150.jpeg 200w, https:\/\/agora.xtec.cat\/iesmallafre\/wp-content\/uploads\/usu105\/2023\/04\/WhatsApp-Image-2023-04-17-at-08.38.481.jpeg 2000w\" sizes=\"auto, (max-width: 590px) 100vw, 590px\" \/><\/a><\/p>\n<p>&nbsp;<\/p>\n<p><a href=\"https:\/\/agora.xtec.cat\/iesmallafre\/wp-content\/uploads\/usu105\/2023\/04\/WhatsApp-Image-2023-04-17-at-08.38.472.jpeg\"><img loading=\"lazy\" decoding=\"async\" class=\"wp-image-22552 aligncenter\" src=\"https:\/\/agora.xtec.cat\/iesmallafre\/wp-content\/uploads\/usu105\/2023\/04\/WhatsApp-Image-2023-04-17-at-08.38.472-768x1024.jpeg\" alt=\"\" width=\"520\" height=\"694\" srcset=\"https:\/\/agora.xtec.cat\/iesmallafre\/wp-content\/uploads\/usu105\/2023\/04\/WhatsApp-Image-2023-04-17-at-08.38.472-768x1024.jpeg 768w, https:\/\/agora.xtec.cat\/iesmallafre\/wp-content\/uploads\/usu105\/2023\/04\/WhatsApp-Image-2023-04-17-at-08.38.472-225x300.jpeg 225w, https:\/\/agora.xtec.cat\/iesmallafre\/wp-content\/uploads\/usu105\/2023\/04\/WhatsApp-Image-2023-04-17-at-08.38.472-1152x1536.jpeg 1152w, https:\/\/agora.xtec.cat\/iesmallafre\/wp-content\/uploads\/usu105\/2023\/04\/WhatsApp-Image-2023-04-17-at-08.38.472.jpeg 1500w\" sizes=\"auto, (max-width: 520px) 100vw, 520px\" \/><\/a><\/p>\n","protected":false},"excerpt":{"rendered":"<p>Dissabte 15 d&#8217;abril vam fer les portes obertes per explicar les modalitat de Batxillerat del nostre centre.<br \/>\nRecordeu que al Dolors Mallafr\u00e8 podeu fer un d&#8217;aquests Batxillerats:<br \/>\nCient\u00edfic, tecnol\u00f2gic, human\u00edstic, social, o el d&#8217;arts (arts pl\u00e0stiques i disseny o arts esc\u00e8niques i m\u00fasica)<br \/>\nLa preinscripci\u00f3 de Batxillerat per&hellip;  <a href=\"https:\/\/agora.xtec.cat\/iesmallafre\/batxillerat\/jornada-de-portes-obertes-de-batxillerat\/\" title=\"Read Jornada de Portes obertes de Batxillerat\">Llegeix m\u00e9s\u00bb<\/a><\/p>\n","protected":false},"author":16,"featured_media":22544,"comment_status":"open","ping_status":"closed","sticky":false,"template":"","format":"standard","meta":{"_bbp_topic_count":0,"_bbp_reply_count":0,"_bbp_total_topic_count":0,"_bbp_total_reply_count":0,"_bbp_voice_count":0,"_bbp_anonymous_reply_count":0,"_bbp_topic_count_hidden":0,"_bbp_reply_count_hidden":0,"_bbp_forum_subforum_count":0,"footnotes":""},"categories":[8,29],"tags":[],"class_list":["post-22542","post","type-post","status-publish","format-standard","has-post-thumbnail","hentry","category-batxillerat","category-portada"],"post_mailing_queue_ids":[],"_links":{"self":[{"href":"https:\/\/agora.xtec.cat\/iesmallafre\/wp-json\/wp\/v2\/posts\/22542","targetHints":{"allow":["GET"]}}],"collection":[{"href":"https:\/\/agora.xtec.cat\/iesmallafre\/wp-json\/wp\/v2\/posts"}],"about":[{"href":"https:\/\/agora.xtec.cat\/iesmallafre\/wp-json\/wp\/v2\/types\/post"}],"author":[{"embeddable":true,"href":"https:\/\/agora.xtec.cat\/iesmallafre\/wp-json\/wp\/v2\/users\/16"}],"replies":[{"embeddable":true,"href":"https:\/\/agora.xtec.cat\/iesmallafre\/wp-json\/wp\/v2\/comments?post=22542"}],"version-history":[{"count":2,"href":"https:\/\/agora.xtec.cat\/iesmallafre\/wp-json\/wp\/v2\/posts\/22542\/revisions"}],"predecessor-version":[{"id":22556,"href":"https:\/\/agora.xtec.cat\/iesmallafre\/wp-json\/wp\/v2\/posts\/22542\/revisions\/22556"}],"wp:featuredmedia":[{"embeddable":true,"href":"https:\/\/agora.xtec.cat\/iesmallafre\/wp-json\/wp\/v2\/media\/22544"}],"wp:attachment":[{"href":"https:\/\/agora.xtec.cat\/iesmallafre\/wp-json\/wp\/v2\/media?parent=22542"}],"wp:term":[{"taxonomy":"category","embeddable":true,"href":"https:\/\/agora.xtec.cat\/iesmallafre\/wp-json\/wp\/v2\/categories?post=22542"},{"taxonomy":"post_tag","embeddable":true,"href":"https:\/\/agora.xtec.cat\/iesmallafre\/wp-json\/wp\/v2\/tags?post=22542"}],"curies":[{"name":"wp","href":"https:\/\/api.w.org\/{rel}","templated":true}]}}