{"id":22495,"date":"2023-04-11T10:55:32","date_gmt":"2023-04-11T08:55:32","guid":{"rendered":"https:\/\/agora.xtec.cat\/iesmallafre\/?p=22495"},"modified":"2023-04-11T11:04:40","modified_gmt":"2023-04-11T09:04:40","slug":"sortida-a-tarragona-1reso","status":"publish","type":"post","link":"https:\/\/agora.xtec.cat\/iesmallafre\/eso\/eso-1\/sortida-a-tarragona-1reso\/","title":{"rendered":"Sortida a Tarragona 1r ESO"},"content":{"rendered":"<p>El passat mes de mar\u00e7 l&#8217;alumnat de 1 ESO va fer un viatge en el temps a la T\u00e0rraco de l&#8217;\u00e8poca romana. Van visitar la muralla, el circ i l&#8217;amfiteatre. Per acabar la jornada van fer una ruta caminant pel pont del diable on van poder veure com era un aq\u00fceducte rom\u00e0.<\/p>\n<p><a href=\"https:\/\/agora.xtec.cat\/iesmallafre\/wp-content\/uploads\/usu105\/2023\/04\/IMG_9962.jpg\"><img loading=\"lazy\" decoding=\"async\" class=\"alignnone size-full wp-image-22498\" src=\"https:\/\/agora.xtec.cat\/iesmallafre\/wp-content\/uploads\/usu105\/2023\/04\/IMG_9962.jpg\" alt=\"\" width=\"320\" height=\"240\" srcset=\"https:\/\/agora.xtec.cat\/iesmallafre\/wp-content\/uploads\/usu105\/2023\/04\/IMG_9962.jpg 320w, https:\/\/agora.xtec.cat\/iesmallafre\/wp-content\/uploads\/usu105\/2023\/04\/IMG_9962-300x225.jpg 300w, https:\/\/agora.xtec.cat\/iesmallafre\/wp-content\/uploads\/usu105\/2023\/04\/IMG_9962-200x150.jpg 200w\" sizes=\"auto, (max-width: 320px) 100vw, 320px\" \/><\/a> <a href=\"https:\/\/agora.xtec.cat\/iesmallafre\/wp-content\/uploads\/usu105\/2023\/04\/IMG_9982.jpg\"><img loading=\"lazy\" decoding=\"async\" class=\"alignnone size-full wp-image-22496\" src=\"https:\/\/agora.xtec.cat\/iesmallafre\/wp-content\/uploads\/usu105\/2023\/04\/IMG_9982.jpg\" alt=\"\" width=\"320\" height=\"240\" srcset=\"https:\/\/agora.xtec.cat\/iesmallafre\/wp-content\/uploads\/usu105\/2023\/04\/IMG_9982.jpg 320w, https:\/\/agora.xtec.cat\/iesmallafre\/wp-content\/uploads\/usu105\/2023\/04\/IMG_9982-300x225.jpg 300w, https:\/\/agora.xtec.cat\/iesmallafre\/wp-content\/uploads\/usu105\/2023\/04\/IMG_9982-200x150.jpg 200w\" sizes=\"auto, (max-width: 320px) 100vw, 320px\" \/><\/a><\/p>\n<p><a href=\"https:\/\/agora.xtec.cat\/iesmallafre\/wp-content\/uploads\/usu105\/2023\/04\/20230314_114621.jpg\"><img loading=\"lazy\" decoding=\"async\" class=\"alignnone wp-image-22506\" src=\"https:\/\/agora.xtec.cat\/iesmallafre\/wp-content\/uploads\/usu105\/2023\/04\/20230314_114621-1024x461.jpg\" alt=\"\" width=\"648\" height=\"292\" srcset=\"https:\/\/agora.xtec.cat\/iesmallafre\/wp-content\/uploads\/usu105\/2023\/04\/20230314_114621-1024x461.jpg 1024w, https:\/\/agora.xtec.cat\/iesmallafre\/wp-content\/uploads\/usu105\/2023\/04\/20230314_114621-300x135.jpg 300w, https:\/\/agora.xtec.cat\/iesmallafre\/wp-content\/uploads\/usu105\/2023\/04\/20230314_114621-768x346.jpg 768w, https:\/\/agora.xtec.cat\/iesmallafre\/wp-content\/uploads\/usu105\/2023\/04\/20230314_114621.jpg 1500w\" sizes=\"auto, (max-width: 648px) 100vw, 648px\" \/><\/a><\/p>\n<p><a href=\"https:\/\/agora.xtec.cat\/iesmallafre\/wp-content\/uploads\/usu105\/2023\/04\/20230314_122035.jpg\"><img loading=\"lazy\" decoding=\"async\" class=\"alignnone wp-image-22505\" src=\"https:\/\/agora.xtec.cat\/iesmallafre\/wp-content\/uploads\/usu105\/2023\/04\/20230314_122035-1024x461.jpg\" alt=\"\" width=\"650\" height=\"293\" srcset=\"https:\/\/agora.xtec.cat\/iesmallafre\/wp-content\/uploads\/usu105\/2023\/04\/20230314_122035-1024x461.jpg 1024w, https:\/\/agora.xtec.cat\/iesmallafre\/wp-content\/uploads\/usu105\/2023\/04\/20230314_122035-300x135.jpg 300w, https:\/\/agora.xtec.cat\/iesmallafre\/wp-content\/uploads\/usu105\/2023\/04\/20230314_122035-768x346.jpg 768w, https:\/\/agora.xtec.cat\/iesmallafre\/wp-content\/uploads\/usu105\/2023\/04\/20230314_122035.jpg 1500w\" sizes=\"auto, (max-width: 650px) 100vw, 650px\" \/><\/a><\/p>\n<p><a href=\"https:\/\/agora.xtec.cat\/iesmallafre\/wp-content\/uploads\/usu105\/2023\/04\/IMG_20230314_135240.jpg\"><img loading=\"lazy\" decoding=\"async\" class=\"alignnone wp-image-22512\" src=\"https:\/\/agora.xtec.cat\/iesmallafre\/wp-content\/uploads\/usu105\/2023\/04\/IMG_20230314_135240-1024x576.jpg\" alt=\"\" width=\"649\" height=\"365\" srcset=\"https:\/\/agora.xtec.cat\/iesmallafre\/wp-content\/uploads\/usu105\/2023\/04\/IMG_20230314_135240-1024x576.jpg 1024w, https:\/\/agora.xtec.cat\/iesmallafre\/wp-content\/uploads\/usu105\/2023\/04\/IMG_20230314_135240-300x169.jpg 300w, https:\/\/agora.xtec.cat\/iesmallafre\/wp-content\/uploads\/usu105\/2023\/04\/IMG_20230314_135240-768x432.jpg 768w, https:\/\/agora.xtec.cat\/iesmallafre\/wp-content\/uploads\/usu105\/2023\/04\/IMG_20230314_135240.jpg 1500w\" sizes=\"auto, (max-width: 649px) 100vw, 649px\" \/><\/a><\/p>\n<p><a href=\"https:\/\/agora.xtec.cat\/iesmallafre\/wp-content\/uploads\/usu105\/2023\/04\/IMG20230314135110.jpg\"><img loading=\"lazy\" decoding=\"async\" class=\"alignnone wp-image-22513\" src=\"https:\/\/agora.xtec.cat\/iesmallafre\/wp-content\/uploads\/usu105\/2023\/04\/IMG20230314135110-1024x768.jpg\" alt=\"\" width=\"647\" height=\"485\" srcset=\"https:\/\/agora.xtec.cat\/iesmallafre\/wp-content\/uploads\/usu105\/2023\/04\/IMG20230314135110-1024x768.jpg 1024w, https:\/\/agora.xtec.cat\/iesmallafre\/wp-content\/uploads\/usu105\/2023\/04\/IMG20230314135110-300x225.jpg 300w, https:\/\/agora.xtec.cat\/iesmallafre\/wp-content\/uploads\/usu105\/2023\/04\/IMG20230314135110-768x576.jpg 768w, https:\/\/agora.xtec.cat\/iesmallafre\/wp-content\/uploads\/usu105\/2023\/04\/IMG20230314135110-200x150.jpg 200w, https:\/\/agora.xtec.cat\/iesmallafre\/wp-content\/uploads\/usu105\/2023\/04\/IMG20230314135110.jpg 1500w\" sizes=\"auto, (max-width: 647px) 100vw, 647px\" \/><\/a><\/p>\n<p>&nbsp;<\/p>\n<p>&nbsp;<\/p>\n<p>&nbsp;<\/p>\n<p>&nbsp;<\/p>\n","protected":false},"excerpt":{"rendered":"<p>El passat mes de mar\u00e7 l&#8217;alumnat de 1 ESO va fer un viatge en el temps a la T\u00e0rraco de l&#8217;\u00e8poca romana. Van visitar la muralla, el circ i l&#8217;amfiteatre. Per acabar la jornada van fer una ruta caminant pel pont del diable on van&hellip;  <a href=\"https:\/\/agora.xtec.cat\/iesmallafre\/eso\/eso-1\/sortida-a-tarragona-1reso\/\" title=\"Read Sortida a Tarragona 1r ESO\">Llegeix m\u00e9s\u00bb<\/a><\/p>\n","protected":false},"author":16,"featured_media":22507,"comment_status":"open","ping_status":"closed","sticky":false,"template":"","format":"standard","meta":{"_bbp_topic_count":0,"_bbp_reply_count":0,"_bbp_total_topic_count":0,"_bbp_total_reply_count":0,"_bbp_voice_count":0,"_bbp_anonymous_reply_count":0,"_bbp_topic_count_hidden":0,"_bbp_reply_count_hidden":0,"_bbp_forum_subforum_count":0,"footnotes":""},"categories":[4,29],"tags":[],"class_list":["post-22495","post","type-post","status-publish","format-standard","has-post-thumbnail","hentry","category-eso-1","category-portada"],"post_mailing_queue_ids":[],"_links":{"self":[{"href":"https:\/\/agora.xtec.cat\/iesmallafre\/wp-json\/wp\/v2\/posts\/22495","targetHints":{"allow":["GET"]}}],"collection":[{"href":"https:\/\/agora.xtec.cat\/iesmallafre\/wp-json\/wp\/v2\/posts"}],"about":[{"href":"https:\/\/agora.xtec.cat\/iesmallafre\/wp-json\/wp\/v2\/types\/post"}],"author":[{"embeddable":true,"href":"https:\/\/agora.xtec.cat\/iesmallafre\/wp-json\/wp\/v2\/users\/16"}],"replies":[{"embeddable":true,"href":"https:\/\/agora.xtec.cat\/iesmallafre\/wp-json\/wp\/v2\/comments?post=22495"}],"version-history":[{"count":3,"href":"https:\/\/agora.xtec.cat\/iesmallafre\/wp-json\/wp\/v2\/posts\/22495\/revisions"}],"predecessor-version":[{"id":22515,"href":"https:\/\/agora.xtec.cat\/iesmallafre\/wp-json\/wp\/v2\/posts\/22495\/revisions\/22515"}],"wp:featuredmedia":[{"embeddable":true,"href":"https:\/\/agora.xtec.cat\/iesmallafre\/wp-json\/wp\/v2\/media\/22507"}],"wp:attachment":[{"href":"https:\/\/agora.xtec.cat\/iesmallafre\/wp-json\/wp\/v2\/media?parent=22495"}],"wp:term":[{"taxonomy":"category","embeddable":true,"href":"https:\/\/agora.xtec.cat\/iesmallafre\/wp-json\/wp\/v2\/categories?post=22495"},{"taxonomy":"post_tag","embeddable":true,"href":"https:\/\/agora.xtec.cat\/iesmallafre\/wp-json\/wp\/v2\/tags?post=22495"}],"curies":[{"name":"wp","href":"https:\/\/api.w.org\/{rel}","templated":true}]}}