{"id":22484,"date":"2023-04-11T10:26:45","date_gmt":"2023-04-11T08:26:45","guid":{"rendered":"https:\/\/agora.xtec.cat\/iesmallafre\/?p=22484"},"modified":"2023-04-11T10:47:58","modified_gmt":"2023-04-11T08:47:58","slug":"iv-torneig-descacs-del-mallafre","status":"publish","type":"post","link":"https:\/\/agora.xtec.cat\/iesmallafre\/eso\/iv-torneig-descacs-del-mallafre\/","title":{"rendered":"IV Torneig d&#8217;Escacs del Mallafr\u00e8"},"content":{"rendered":"<p>El passat 20 de mar\u00e7 vam celebrar el IV Torneig d&#8217;Escacs del Mallafr\u00e8. La competici\u00f3 va comen\u00e7ar a les 8h del mat\u00ed i va durar tota la jornada.<\/p>\n<p>Moltes felicitats a tothom per participar i en particular a la guanyadora Ainhoa Jimenez de 2n d&#8217;ESO.<\/p>\n<p><a href=\"https:\/\/agora.xtec.cat\/iesmallafre\/wp-content\/uploads\/usu105\/2023\/04\/IMG_1235_1_.jpg\"><img loading=\"lazy\" decoding=\"async\" class=\"wp-image-22493 aligncenter\" src=\"https:\/\/agora.xtec.cat\/iesmallafre\/wp-content\/uploads\/usu105\/2023\/04\/IMG_1235_1_-1024x768.jpg\" alt=\"\" width=\"627\" height=\"470\" srcset=\"https:\/\/agora.xtec.cat\/iesmallafre\/wp-content\/uploads\/usu105\/2023\/04\/IMG_1235_1_-1024x768.jpg 1024w, https:\/\/agora.xtec.cat\/iesmallafre\/wp-content\/uploads\/usu105\/2023\/04\/IMG_1235_1_-300x225.jpg 300w, https:\/\/agora.xtec.cat\/iesmallafre\/wp-content\/uploads\/usu105\/2023\/04\/IMG_1235_1_-768x576.jpg 768w, https:\/\/agora.xtec.cat\/iesmallafre\/wp-content\/uploads\/usu105\/2023\/04\/IMG_1235_1_-200x150.jpg 200w, https:\/\/agora.xtec.cat\/iesmallafre\/wp-content\/uploads\/usu105\/2023\/04\/IMG_1235_1_.jpg 1500w\" sizes=\"auto, (max-width: 627px) 100vw, 627px\" \/><\/a><\/p>\n<p><a href=\"https:\/\/agora.xtec.cat\/iesmallafre\/wp-content\/uploads\/usu105\/2023\/04\/cf0c2521-140a-4499-9fb1-3622c8f4466f.jpg\"><img loading=\"lazy\" decoding=\"async\" class=\"wp-image-22486 aligncenter\" src=\"https:\/\/agora.xtec.cat\/iesmallafre\/wp-content\/uploads\/usu105\/2023\/04\/cf0c2521-140a-4499-9fb1-3622c8f4466f-1024x419.jpg\" alt=\"\" width=\"629\" height=\"258\" srcset=\"https:\/\/agora.xtec.cat\/iesmallafre\/wp-content\/uploads\/usu105\/2023\/04\/cf0c2521-140a-4499-9fb1-3622c8f4466f-1024x419.jpg 1024w, https:\/\/agora.xtec.cat\/iesmallafre\/wp-content\/uploads\/usu105\/2023\/04\/cf0c2521-140a-4499-9fb1-3622c8f4466f-300x123.jpg 300w, https:\/\/agora.xtec.cat\/iesmallafre\/wp-content\/uploads\/usu105\/2023\/04\/cf0c2521-140a-4499-9fb1-3622c8f4466f-768x314.jpg 768w, https:\/\/agora.xtec.cat\/iesmallafre\/wp-content\/uploads\/usu105\/2023\/04\/cf0c2521-140a-4499-9fb1-3622c8f4466f-1536x629.jpg 1536w, https:\/\/agora.xtec.cat\/iesmallafre\/wp-content\/uploads\/usu105\/2023\/04\/cf0c2521-140a-4499-9fb1-3622c8f4466f.jpg 1600w\" sizes=\"auto, (max-width: 629px) 100vw, 629px\" \/><\/a><\/p>\n<p><a href=\"https:\/\/agora.xtec.cat\/iesmallafre\/wp-content\/uploads\/usu105\/2023\/04\/8c63776e-dbe5-4ac7-bc2c-9cec72add563.jpg\"><img loading=\"lazy\" decoding=\"async\" class=\"wp-image-22489 aligncenter\" src=\"https:\/\/agora.xtec.cat\/iesmallafre\/wp-content\/uploads\/usu105\/2023\/04\/8c63776e-dbe5-4ac7-bc2c-9cec72add563-1024x419.jpg\" alt=\"\" width=\"637\" height=\"261\" srcset=\"https:\/\/agora.xtec.cat\/iesmallafre\/wp-content\/uploads\/usu105\/2023\/04\/8c63776e-dbe5-4ac7-bc2c-9cec72add563-1024x419.jpg 1024w, https:\/\/agora.xtec.cat\/iesmallafre\/wp-content\/uploads\/usu105\/2023\/04\/8c63776e-dbe5-4ac7-bc2c-9cec72add563-300x123.jpg 300w, https:\/\/agora.xtec.cat\/iesmallafre\/wp-content\/uploads\/usu105\/2023\/04\/8c63776e-dbe5-4ac7-bc2c-9cec72add563-768x314.jpg 768w, https:\/\/agora.xtec.cat\/iesmallafre\/wp-content\/uploads\/usu105\/2023\/04\/8c63776e-dbe5-4ac7-bc2c-9cec72add563-1536x629.jpg 1536w, https:\/\/agora.xtec.cat\/iesmallafre\/wp-content\/uploads\/usu105\/2023\/04\/8c63776e-dbe5-4ac7-bc2c-9cec72add563.jpg 2000w\" sizes=\"auto, (max-width: 637px) 100vw, 637px\" \/><\/a><\/p>\n<p><a href=\"https:\/\/agora.xtec.cat\/iesmallafre\/wp-content\/uploads\/usu105\/2023\/04\/6e8bc1a1-ffe8-41d6-91c0-e6148ab304e1.jpg\"><img loading=\"lazy\" decoding=\"async\" class=\"wp-image-22490 aligncenter\" src=\"https:\/\/agora.xtec.cat\/iesmallafre\/wp-content\/uploads\/usu105\/2023\/04\/6e8bc1a1-ffe8-41d6-91c0-e6148ab304e1-1024x419.jpg\" alt=\"\" width=\"653\" height=\"268\" srcset=\"https:\/\/agora.xtec.cat\/iesmallafre\/wp-content\/uploads\/usu105\/2023\/04\/6e8bc1a1-ffe8-41d6-91c0-e6148ab304e1-1024x419.jpg 1024w, https:\/\/agora.xtec.cat\/iesmallafre\/wp-content\/uploads\/usu105\/2023\/04\/6e8bc1a1-ffe8-41d6-91c0-e6148ab304e1-300x123.jpg 300w, https:\/\/agora.xtec.cat\/iesmallafre\/wp-content\/uploads\/usu105\/2023\/04\/6e8bc1a1-ffe8-41d6-91c0-e6148ab304e1-768x314.jpg 768w, https:\/\/agora.xtec.cat\/iesmallafre\/wp-content\/uploads\/usu105\/2023\/04\/6e8bc1a1-ffe8-41d6-91c0-e6148ab304e1-1536x629.jpg 1536w, https:\/\/agora.xtec.cat\/iesmallafre\/wp-content\/uploads\/usu105\/2023\/04\/6e8bc1a1-ffe8-41d6-91c0-e6148ab304e1.jpg 1600w\" sizes=\"auto, (max-width: 653px) 100vw, 653px\" \/><\/a><\/p>\n<p>&nbsp;<\/p>\n","protected":false},"excerpt":{"rendered":"<p>El passat 20 de mar\u00e7 vam celebrar el IV Torneig d&#8217;Escacs del Mallafr\u00e8. La competici\u00f3 va comen\u00e7ar a les 8h del mat\u00ed i va durar tota la jornada.<br \/>\nMoltes felicitats a tothom per participar i en particular a la guanyadora Ainhoa Jimenez de 2n d&#8217;ESO.<br \/>\n<a href=\"https:\/\/agora.xtec.cat\/iesmallafre\/wp-content\/uploads\/usu105\/2023\/04\/IMG_1235_1_.jpg\"><\/a><br \/>\n<a&hellip;  <a href=\"https:\/\/agora.xtec.cat\/iesmallafre\/eso\/iv-torneig-descacs-del-mallafre\/\" title=\"Read IV Torneig d&#8217;Escacs del Mallafr\u00e8\">Llegeix m\u00e9s\u00bb<\/a><\/p>\n","protected":false},"author":16,"featured_media":22485,"comment_status":"open","ping_status":"closed","sticky":false,"template":"","format":"standard","meta":{"_bbp_topic_count":0,"_bbp_reply_count":0,"_bbp_total_topic_count":0,"_bbp_total_reply_count":0,"_bbp_voice_count":0,"_bbp_anonymous_reply_count":0,"_bbp_topic_count_hidden":0,"_bbp_reply_count_hidden":0,"_bbp_forum_subforum_count":0,"footnotes":""},"categories":[3,29],"tags":[],"class_list":["post-22484","post","type-post","status-publish","format-standard","has-post-thumbnail","hentry","category-eso","category-portada"],"post_mailing_queue_ids":[],"_links":{"self":[{"href":"https:\/\/agora.xtec.cat\/iesmallafre\/wp-json\/wp\/v2\/posts\/22484","targetHints":{"allow":["GET"]}}],"collection":[{"href":"https:\/\/agora.xtec.cat\/iesmallafre\/wp-json\/wp\/v2\/posts"}],"about":[{"href":"https:\/\/agora.xtec.cat\/iesmallafre\/wp-json\/wp\/v2\/types\/post"}],"author":[{"embeddable":true,"href":"https:\/\/agora.xtec.cat\/iesmallafre\/wp-json\/wp\/v2\/users\/16"}],"replies":[{"embeddable":true,"href":"https:\/\/agora.xtec.cat\/iesmallafre\/wp-json\/wp\/v2\/comments?post=22484"}],"version-history":[{"count":3,"href":"https:\/\/agora.xtec.cat\/iesmallafre\/wp-json\/wp\/v2\/posts\/22484\/revisions"}],"predecessor-version":[{"id":22488,"href":"https:\/\/agora.xtec.cat\/iesmallafre\/wp-json\/wp\/v2\/posts\/22484\/revisions\/22488"}],"wp:featuredmedia":[{"embeddable":true,"href":"https:\/\/agora.xtec.cat\/iesmallafre\/wp-json\/wp\/v2\/media\/22485"}],"wp:attachment":[{"href":"https:\/\/agora.xtec.cat\/iesmallafre\/wp-json\/wp\/v2\/media?parent=22484"}],"wp:term":[{"taxonomy":"category","embeddable":true,"href":"https:\/\/agora.xtec.cat\/iesmallafre\/wp-json\/wp\/v2\/categories?post=22484"},{"taxonomy":"post_tag","embeddable":true,"href":"https:\/\/agora.xtec.cat\/iesmallafre\/wp-json\/wp\/v2\/tags?post=22484"}],"curies":[{"name":"wp","href":"https:\/\/api.w.org\/{rel}","templated":true}]}}