{"id":22300,"date":"2023-03-06T13:31:19","date_gmt":"2023-03-06T12:31:19","guid":{"rendered":"https:\/\/agora.xtec.cat\/iesmallafre\/?p=22300"},"modified":"2023-03-06T13:31:19","modified_gmt":"2023-03-06T12:31:19","slug":"sortida-fundacio-mapfre","status":"publish","type":"post","link":"https:\/\/agora.xtec.cat\/iesmallafre\/portada\/sortida-fundacio-mapfre\/","title":{"rendered":"Sortida Fundaci\u00f3 Mapfre"},"content":{"rendered":"<p>El passat divendres 3 de mar\u00e7 l&#8217;alumnat de Cultura Audiovisual van visitar el Barcelona Photo Center de la Fundaci\u00f3 Mapfre @kbrfmapfre . All\u00e0 van poder veure les exposicions de les fot\u00f2grafes Ilse Bing i Anastasia Samoylova a m\u00e9s de realitzar un taller de fotografia a l&#8217;exterior. Va ser una experi\u00e8ncia molt enriquidora i divertida. Agra\u00efm a Laura i Nerea la seva dedicaci\u00f3 tant en el taller com en les explicacions de la mostra. De ben segur que repetirem!<\/p>\n<p><a href=\"https:\/\/agora.xtec.cat\/iesmallafre\/wp-content\/uploads\/usu105\/2023\/03\/20230303_131944.jpg\"><img loading=\"lazy\" decoding=\"async\" class=\"wp-image-22303 aligncenter\" src=\"https:\/\/agora.xtec.cat\/iesmallafre\/wp-content\/uploads\/usu105\/2023\/03\/20230303_131944-1024x576.jpg\" alt=\"\" width=\"742\" height=\"418\" srcset=\"https:\/\/agora.xtec.cat\/iesmallafre\/wp-content\/uploads\/usu105\/2023\/03\/20230303_131944-1024x576.jpg 1024w, https:\/\/agora.xtec.cat\/iesmallafre\/wp-content\/uploads\/usu105\/2023\/03\/20230303_131944-300x169.jpg 300w, https:\/\/agora.xtec.cat\/iesmallafre\/wp-content\/uploads\/usu105\/2023\/03\/20230303_131944-768x432.jpg 768w, https:\/\/agora.xtec.cat\/iesmallafre\/wp-content\/uploads\/usu105\/2023\/03\/20230303_131944-1536x864.jpg 1536w, https:\/\/agora.xtec.cat\/iesmallafre\/wp-content\/uploads\/usu105\/2023\/03\/20230303_131944.jpg 1930w\" sizes=\"auto, (max-width: 742px) 100vw, 742px\" \/><\/a><\/p>\n<p><a href=\"https:\/\/agora.xtec.cat\/iesmallafre\/wp-content\/uploads\/usu105\/2023\/03\/20230303_122153.jpg\"><img loading=\"lazy\" decoding=\"async\" class=\"wp-image-22302 aligncenter\" src=\"https:\/\/agora.xtec.cat\/iesmallafre\/wp-content\/uploads\/usu105\/2023\/03\/20230303_122153-1024x576.jpg\" alt=\"\" width=\"728\" height=\"410\" srcset=\"https:\/\/agora.xtec.cat\/iesmallafre\/wp-content\/uploads\/usu105\/2023\/03\/20230303_122153-1024x576.jpg 1024w, https:\/\/agora.xtec.cat\/iesmallafre\/wp-content\/uploads\/usu105\/2023\/03\/20230303_122153-300x169.jpg 300w, https:\/\/agora.xtec.cat\/iesmallafre\/wp-content\/uploads\/usu105\/2023\/03\/20230303_122153-768x432.jpg 768w, https:\/\/agora.xtec.cat\/iesmallafre\/wp-content\/uploads\/usu105\/2023\/03\/20230303_122153-1536x864.jpg 1536w, https:\/\/agora.xtec.cat\/iesmallafre\/wp-content\/uploads\/usu105\/2023\/03\/20230303_122153.jpg 1930w\" sizes=\"auto, (max-width: 728px) 100vw, 728px\" \/><\/a><\/p>\n<p><a href=\"https:\/\/agora.xtec.cat\/iesmallafre\/wp-content\/uploads\/usu105\/2023\/03\/20230303_120124-1-scaled.jpg\"><img loading=\"lazy\" decoding=\"async\" class=\"wp-image-22305 aligncenter\" src=\"https:\/\/agora.xtec.cat\/iesmallafre\/wp-content\/uploads\/usu105\/2023\/03\/20230303_120124-1-1024x576.jpg\" alt=\"\" width=\"769\" height=\"433\" srcset=\"https:\/\/agora.xtec.cat\/iesmallafre\/wp-content\/uploads\/usu105\/2023\/03\/20230303_120124-1-1024x576.jpg 1024w, https:\/\/agora.xtec.cat\/iesmallafre\/wp-content\/uploads\/usu105\/2023\/03\/20230303_120124-1-300x169.jpg 300w, https:\/\/agora.xtec.cat\/iesmallafre\/wp-content\/uploads\/usu105\/2023\/03\/20230303_120124-1-768x432.jpg 768w, https:\/\/agora.xtec.cat\/iesmallafre\/wp-content\/uploads\/usu105\/2023\/03\/20230303_120124-1-1536x864.jpg 1536w, https:\/\/agora.xtec.cat\/iesmallafre\/wp-content\/uploads\/usu105\/2023\/03\/20230303_120124-1-2048x1152.jpg 2048w\" sizes=\"auto, (max-width: 769px) 100vw, 769px\" \/><\/a><\/p>\n<p>&nbsp;<\/p>\n<p>&nbsp;<\/p>\n<p>&nbsp;<\/p>\n<p>&nbsp;<\/p>\n","protected":false},"excerpt":{"rendered":"<p>El passat divendres 3 de mar\u00e7 l&#8217;alumnat de Cultura Audiovisual van visitar el Barcelona Photo Center de la Fundaci\u00f3 Mapfre @kbrfmapfre . All\u00e0 van poder veure les exposicions de les fot\u00f2grafes Ilse Bing i Anastasia Samoylova a m\u00e9s de realitzar un taller de fotografia a&hellip;  <a href=\"https:\/\/agora.xtec.cat\/iesmallafre\/portada\/sortida-fundacio-mapfre\/\" title=\"Read Sortida Fundaci\u00f3 Mapfre\">Llegeix m\u00e9s\u00bb<\/a><\/p>\n","protected":false},"author":16,"featured_media":22304,"comment_status":"open","ping_status":"closed","sticky":false,"template":"","format":"standard","meta":{"_bbp_topic_count":0,"_bbp_reply_count":0,"_bbp_total_topic_count":0,"_bbp_total_reply_count":0,"_bbp_voice_count":0,"_bbp_anonymous_reply_count":0,"_bbp_topic_count_hidden":0,"_bbp_reply_count_hidden":0,"_bbp_forum_subforum_count":0,"footnotes":""},"categories":[29],"tags":[],"class_list":["post-22300","post","type-post","status-publish","format-standard","has-post-thumbnail","hentry","category-portada"],"post_mailing_queue_ids":[],"_links":{"self":[{"href":"https:\/\/agora.xtec.cat\/iesmallafre\/wp-json\/wp\/v2\/posts\/22300","targetHints":{"allow":["GET"]}}],"collection":[{"href":"https:\/\/agora.xtec.cat\/iesmallafre\/wp-json\/wp\/v2\/posts"}],"about":[{"href":"https:\/\/agora.xtec.cat\/iesmallafre\/wp-json\/wp\/v2\/types\/post"}],"author":[{"embeddable":true,"href":"https:\/\/agora.xtec.cat\/iesmallafre\/wp-json\/wp\/v2\/users\/16"}],"replies":[{"embeddable":true,"href":"https:\/\/agora.xtec.cat\/iesmallafre\/wp-json\/wp\/v2\/comments?post=22300"}],"version-history":[{"count":2,"href":"https:\/\/agora.xtec.cat\/iesmallafre\/wp-json\/wp\/v2\/posts\/22300\/revisions"}],"predecessor-version":[{"id":22307,"href":"https:\/\/agora.xtec.cat\/iesmallafre\/wp-json\/wp\/v2\/posts\/22300\/revisions\/22307"}],"wp:featuredmedia":[{"embeddable":true,"href":"https:\/\/agora.xtec.cat\/iesmallafre\/wp-json\/wp\/v2\/media\/22304"}],"wp:attachment":[{"href":"https:\/\/agora.xtec.cat\/iesmallafre\/wp-json\/wp\/v2\/media?parent=22300"}],"wp:term":[{"taxonomy":"category","embeddable":true,"href":"https:\/\/agora.xtec.cat\/iesmallafre\/wp-json\/wp\/v2\/categories?post=22300"},{"taxonomy":"post_tag","embeddable":true,"href":"https:\/\/agora.xtec.cat\/iesmallafre\/wp-json\/wp\/v2\/tags?post=22300"}],"curies":[{"name":"wp","href":"https:\/\/api.w.org\/{rel}","templated":true}]}}