{"id":22257,"date":"2023-02-27T11:38:14","date_gmt":"2023-02-27T10:38:14","guid":{"rendered":"https:\/\/agora.xtec.cat\/iesmallafre\/?p=22257"},"modified":"2023-02-27T11:39:55","modified_gmt":"2023-02-27T10:39:55","slug":"visita-al-cinema-pellicula-en-frances","status":"publish","type":"post","link":"https:\/\/agora.xtec.cat\/iesmallafre\/general\/visita-al-cinema-pellicula-en-frances\/","title":{"rendered":"Visita al Cinema: Pel\u00b7l\u00edcula en franc\u00e8s"},"content":{"rendered":"<p>El passat 7 de febrer, l&#8217;alumnat de franc\u00e8s de l&#8217;institut va fer una sortida per Vilanova.<\/p>\n<p>Van comen\u00e7ar la jornada a la Pla\u00e7a de la Vila fent jocs en franc\u00e8s organitzats pels alumnes de 1r i 2n Batxillerat. Seguidament, van anar a veure una pel\u00b7l\u00edcula en versi\u00f3 original al C\u00edrcol Cat\u00f2lic, <i>&#8220;Donne-moi des ailes&#8221;.<\/i><\/p>\n<p>La valoraci\u00f3 general dels alumnes va ser molt positiva: van gaudir de l&#8217;experi\u00e8ncia i els va agradar molt la pel\u00b7l\u00edcula. \u00c0 la prochaine!<\/p>\n<p><a href=\"https:\/\/agora.xtec.cat\/iesmallafre\/wp-content\/uploads\/usu105\/2023\/02\/IG9.jpg\"><img loading=\"lazy\" decoding=\"async\" class=\"alignnone size-large wp-image-22259\" src=\"https:\/\/agora.xtec.cat\/iesmallafre\/wp-content\/uploads\/usu105\/2023\/02\/IG9-1024x472.jpg\" alt=\"\" width=\"1024\" height=\"472\" srcset=\"https:\/\/agora.xtec.cat\/iesmallafre\/wp-content\/uploads\/usu105\/2023\/02\/IG9-1024x472.jpg 1024w, https:\/\/agora.xtec.cat\/iesmallafre\/wp-content\/uploads\/usu105\/2023\/02\/IG9-300x138.jpg 300w, https:\/\/agora.xtec.cat\/iesmallafre\/wp-content\/uploads\/usu105\/2023\/02\/IG9-768x354.jpg 768w, https:\/\/agora.xtec.cat\/iesmallafre\/wp-content\/uploads\/usu105\/2023\/02\/IG9-1536x708.jpg 1536w, https:\/\/agora.xtec.cat\/iesmallafre\/wp-content\/uploads\/usu105\/2023\/02\/IG9-2048x944.jpg 2048w\" sizes=\"auto, (max-width: 1024px) 100vw, 1024px\" \/><\/a><\/p>\n","protected":false},"excerpt":{"rendered":"<p>El passat 7 de febrer, l&#8217;alumnat de franc\u00e8s de l&#8217;institut va fer una sortida per Vilanova.<br \/>\nVan comen\u00e7ar la jornada a la Pla\u00e7a de la Vila fent jocs en franc\u00e8s organitzats pels alumnes de 1r i 2n Batxillerat. Seguidament, van anar a veure una pel\u00b7l\u00edcula en&hellip;  <a href=\"https:\/\/agora.xtec.cat\/iesmallafre\/general\/visita-al-cinema-pellicula-en-frances\/\" title=\"Read Visita al Cinema: Pel\u00b7l\u00edcula en franc\u00e8s\">Llegeix m\u00e9s\u00bb<\/a><\/p>\n","protected":false},"author":16,"featured_media":22258,"comment_status":"open","ping_status":"closed","sticky":false,"template":"","format":"standard","meta":{"_bbp_topic_count":0,"_bbp_reply_count":0,"_bbp_total_topic_count":0,"_bbp_total_reply_count":0,"_bbp_voice_count":0,"_bbp_anonymous_reply_count":0,"_bbp_topic_count_hidden":0,"_bbp_reply_count_hidden":0,"_bbp_forum_subforum_count":0,"footnotes":""},"categories":[8,3,1,29],"tags":[],"class_list":["post-22257","post","type-post","status-publish","format-standard","has-post-thumbnail","hentry","category-batxillerat","category-eso","category-general","category-portada"],"post_mailing_queue_ids":[],"_links":{"self":[{"href":"https:\/\/agora.xtec.cat\/iesmallafre\/wp-json\/wp\/v2\/posts\/22257","targetHints":{"allow":["GET"]}}],"collection":[{"href":"https:\/\/agora.xtec.cat\/iesmallafre\/wp-json\/wp\/v2\/posts"}],"about":[{"href":"https:\/\/agora.xtec.cat\/iesmallafre\/wp-json\/wp\/v2\/types\/post"}],"author":[{"embeddable":true,"href":"https:\/\/agora.xtec.cat\/iesmallafre\/wp-json\/wp\/v2\/users\/16"}],"replies":[{"embeddable":true,"href":"https:\/\/agora.xtec.cat\/iesmallafre\/wp-json\/wp\/v2\/comments?post=22257"}],"version-history":[{"count":2,"href":"https:\/\/agora.xtec.cat\/iesmallafre\/wp-json\/wp\/v2\/posts\/22257\/revisions"}],"predecessor-version":[{"id":22261,"href":"https:\/\/agora.xtec.cat\/iesmallafre\/wp-json\/wp\/v2\/posts\/22257\/revisions\/22261"}],"wp:featuredmedia":[{"embeddable":true,"href":"https:\/\/agora.xtec.cat\/iesmallafre\/wp-json\/wp\/v2\/media\/22258"}],"wp:attachment":[{"href":"https:\/\/agora.xtec.cat\/iesmallafre\/wp-json\/wp\/v2\/media?parent=22257"}],"wp:term":[{"taxonomy":"category","embeddable":true,"href":"https:\/\/agora.xtec.cat\/iesmallafre\/wp-json\/wp\/v2\/categories?post=22257"},{"taxonomy":"post_tag","embeddable":true,"href":"https:\/\/agora.xtec.cat\/iesmallafre\/wp-json\/wp\/v2\/tags?post=22257"}],"curies":[{"name":"wp","href":"https:\/\/api.w.org\/{rel}","templated":true}]}}