{"id":22202,"date":"2023-02-21T14:17:16","date_gmt":"2023-02-21T13:17:16","guid":{"rendered":"https:\/\/agora.xtec.cat\/iesmallafre\/?p=22202"},"modified":"2023-02-21T14:17:44","modified_gmt":"2023-02-21T13:17:44","slug":"hem-participat-a-la-copa-cangur-de-matematiques","status":"publish","type":"post","link":"https:\/\/agora.xtec.cat\/iesmallafre\/general\/hem-participat-a-la-copa-cangur-de-matematiques\/","title":{"rendered":"Hem participat a la Copa Cangur de Matem\u00e0tiques"},"content":{"rendered":"<p>El dia 19 de gener va tenir lloc la Copa Cangur, el concurs de resoluci\u00f3 de problemes matem\u00e0tics que es va celebrar a l&#8217;Institut Baix a mar.<\/p>\n<p>El nostre institut va participar amb 3 equips de la categoria Cadet (1er i 2n d&#8217;ESO) i 3 m\u00e9s de la categoria J\u00fanior (3er i 4t d&#8217;ESO).<\/p>\n<p>El passat divendres de Carnaval vam fer l&#8217;entrega dels diplomes i d&#8217;un obsequi a tots els participants.<\/p>\n<p>Moltes gr\u00e0cies a tots i totes per participar. Ens alegra saber que vau passar una bona estona fent matem\u00e0tiques!<\/p>\n<p><a href=\"https:\/\/agora.xtec.cat\/iesmallafre\/wp-content\/uploads\/usu105\/2023\/02\/IMG_4928.jpg\"><img loading=\"lazy\" decoding=\"async\" class=\" wp-image-22203 aligncenter\" src=\"https:\/\/agora.xtec.cat\/iesmallafre\/wp-content\/uploads\/usu105\/2023\/02\/IMG_4928.jpg\" alt=\"\" width=\"377\" height=\"283\" srcset=\"https:\/\/agora.xtec.cat\/iesmallafre\/wp-content\/uploads\/usu105\/2023\/02\/IMG_4928.jpg 640w, https:\/\/agora.xtec.cat\/iesmallafre\/wp-content\/uploads\/usu105\/2023\/02\/IMG_4928-300x225.jpg 300w, https:\/\/agora.xtec.cat\/iesmallafre\/wp-content\/uploads\/usu105\/2023\/02\/IMG_4928-200x150.jpg 200w\" sizes=\"auto, (max-width: 377px) 100vw, 377px\" \/><\/a><\/p>\n<p><a href=\"https:\/\/agora.xtec.cat\/iesmallafre\/wp-content\/uploads\/usu105\/2023\/02\/46dbb0c7-d61b-49b3-b34c-3f7b31dc5130.jpg\"><img loading=\"lazy\" decoding=\"async\" class=\" wp-image-22204 aligncenter\" src=\"https:\/\/agora.xtec.cat\/iesmallafre\/wp-content\/uploads\/usu105\/2023\/02\/46dbb0c7-d61b-49b3-b34c-3f7b31dc5130-1024x419.jpg\" alt=\"\" width=\"494\" height=\"202\" srcset=\"https:\/\/agora.xtec.cat\/iesmallafre\/wp-content\/uploads\/usu105\/2023\/02\/46dbb0c7-d61b-49b3-b34c-3f7b31dc5130-1024x419.jpg 1024w, https:\/\/agora.xtec.cat\/iesmallafre\/wp-content\/uploads\/usu105\/2023\/02\/46dbb0c7-d61b-49b3-b34c-3f7b31dc5130-300x123.jpg 300w, https:\/\/agora.xtec.cat\/iesmallafre\/wp-content\/uploads\/usu105\/2023\/02\/46dbb0c7-d61b-49b3-b34c-3f7b31dc5130-768x314.jpg 768w, https:\/\/agora.xtec.cat\/iesmallafre\/wp-content\/uploads\/usu105\/2023\/02\/46dbb0c7-d61b-49b3-b34c-3f7b31dc5130-1536x629.jpg 1536w, https:\/\/agora.xtec.cat\/iesmallafre\/wp-content\/uploads\/usu105\/2023\/02\/46dbb0c7-d61b-49b3-b34c-3f7b31dc5130.jpg 1600w\" sizes=\"auto, (max-width: 494px) 100vw, 494px\" \/><\/a><\/p>\n<p><a href=\"https:\/\/agora.xtec.cat\/iesmallafre\/wp-content\/uploads\/usu105\/2023\/02\/IMG_3640-scaled.jpg\"><img loading=\"lazy\" decoding=\"async\" class=\" wp-image-22208 aligncenter\" src=\"https:\/\/agora.xtec.cat\/iesmallafre\/wp-content\/uploads\/usu105\/2023\/02\/IMG_3640-1024x768.jpg\" alt=\"\" width=\"496\" height=\"372\" srcset=\"https:\/\/agora.xtec.cat\/iesmallafre\/wp-content\/uploads\/usu105\/2023\/02\/IMG_3640-1024x768.jpg 1024w, https:\/\/agora.xtec.cat\/iesmallafre\/wp-content\/uploads\/usu105\/2023\/02\/IMG_3640-300x225.jpg 300w, https:\/\/agora.xtec.cat\/iesmallafre\/wp-content\/uploads\/usu105\/2023\/02\/IMG_3640-768x576.jpg 768w, https:\/\/agora.xtec.cat\/iesmallafre\/wp-content\/uploads\/usu105\/2023\/02\/IMG_3640-1536x1152.jpg 1536w, https:\/\/agora.xtec.cat\/iesmallafre\/wp-content\/uploads\/usu105\/2023\/02\/IMG_3640-2048x1536.jpg 2048w, https:\/\/agora.xtec.cat\/iesmallafre\/wp-content\/uploads\/usu105\/2023\/02\/IMG_3640-200x150.jpg 200w\" sizes=\"auto, (max-width: 496px) 100vw, 496px\" \/><\/a><\/p>\n<p><a href=\"https:\/\/agora.xtec.cat\/iesmallafre\/wp-content\/uploads\/usu105\/2023\/02\/IMG_5036.jpg\"><img loading=\"lazy\" decoding=\"async\" class=\"wp-image-22206 aligncenter\" src=\"https:\/\/agora.xtec.cat\/iesmallafre\/wp-content\/uploads\/usu105\/2023\/02\/IMG_5036.jpg\" alt=\"\" width=\"447\" height=\"335\" srcset=\"https:\/\/agora.xtec.cat\/iesmallafre\/wp-content\/uploads\/usu105\/2023\/02\/IMG_5036.jpg 640w, https:\/\/agora.xtec.cat\/iesmallafre\/wp-content\/uploads\/usu105\/2023\/02\/IMG_5036-300x225.jpg 300w, https:\/\/agora.xtec.cat\/iesmallafre\/wp-content\/uploads\/usu105\/2023\/02\/IMG_5036-200x150.jpg 200w\" sizes=\"auto, (max-width: 447px) 100vw, 447px\" \/><\/a><\/p>\n<p>&nbsp;<\/p>\n<p>&nbsp;<\/p>\n<div><\/div>\n","protected":false},"excerpt":{"rendered":"<p>El dia 19 de gener va tenir lloc la Copa Cangur, el concurs de resoluci\u00f3 de problemes matem\u00e0tics que es va celebrar a l&#8217;Institut Baix a mar.<br \/>\nEl nostre institut va participar amb 3 equips de la categoria Cadet (1er i 2n d&#8217;ESO) i 3 m\u00e9s&hellip;  <a href=\"https:\/\/agora.xtec.cat\/iesmallafre\/general\/hem-participat-a-la-copa-cangur-de-matematiques\/\" title=\"Read Hem participat a la Copa Cangur de Matem\u00e0tiques\">Llegeix m\u00e9s\u00bb<\/a><\/p>\n","protected":false},"author":16,"featured_media":22205,"comment_status":"open","ping_status":"closed","sticky":false,"template":"","format":"standard","meta":{"_bbp_topic_count":0,"_bbp_reply_count":0,"_bbp_total_topic_count":0,"_bbp_total_reply_count":0,"_bbp_voice_count":0,"_bbp_anonymous_reply_count":0,"_bbp_topic_count_hidden":0,"_bbp_reply_count_hidden":0,"_bbp_forum_subforum_count":0,"footnotes":""},"categories":[3,4,5,6,7,1,29],"tags":[],"class_list":["post-22202","post","type-post","status-publish","format-standard","has-post-thumbnail","hentry","category-eso","category-eso-1","category-eso-2","category-eso-3","category-eso-4","category-general","category-portada"],"post_mailing_queue_ids":[],"_links":{"self":[{"href":"https:\/\/agora.xtec.cat\/iesmallafre\/wp-json\/wp\/v2\/posts\/22202","targetHints":{"allow":["GET"]}}],"collection":[{"href":"https:\/\/agora.xtec.cat\/iesmallafre\/wp-json\/wp\/v2\/posts"}],"about":[{"href":"https:\/\/agora.xtec.cat\/iesmallafre\/wp-json\/wp\/v2\/types\/post"}],"author":[{"embeddable":true,"href":"https:\/\/agora.xtec.cat\/iesmallafre\/wp-json\/wp\/v2\/users\/16"}],"replies":[{"embeddable":true,"href":"https:\/\/agora.xtec.cat\/iesmallafre\/wp-json\/wp\/v2\/comments?post=22202"}],"version-history":[{"count":1,"href":"https:\/\/agora.xtec.cat\/iesmallafre\/wp-json\/wp\/v2\/posts\/22202\/revisions"}],"predecessor-version":[{"id":22209,"href":"https:\/\/agora.xtec.cat\/iesmallafre\/wp-json\/wp\/v2\/posts\/22202\/revisions\/22209"}],"wp:featuredmedia":[{"embeddable":true,"href":"https:\/\/agora.xtec.cat\/iesmallafre\/wp-json\/wp\/v2\/media\/22205"}],"wp:attachment":[{"href":"https:\/\/agora.xtec.cat\/iesmallafre\/wp-json\/wp\/v2\/media?parent=22202"}],"wp:term":[{"taxonomy":"category","embeddable":true,"href":"https:\/\/agora.xtec.cat\/iesmallafre\/wp-json\/wp\/v2\/categories?post=22202"},{"taxonomy":"post_tag","embeddable":true,"href":"https:\/\/agora.xtec.cat\/iesmallafre\/wp-json\/wp\/v2\/tags?post=22202"}],"curies":[{"name":"wp","href":"https:\/\/api.w.org\/{rel}","templated":true}]}}