{"id":22070,"date":"2022-12-21T11:48:20","date_gmt":"2022-12-21T10:48:20","guid":{"rendered":"https:\/\/agora.xtec.cat\/iesmallafre\/?p=22070"},"modified":"2023-01-23T13:10:15","modified_gmt":"2023-01-23T12:10:15","slug":"postal-de-nadal","status":"publish","type":"post","link":"https:\/\/agora.xtec.cat\/iesmallafre\/portada\/postal-de-nadal\/","title":{"rendered":"Postal de Nadal"},"content":{"rendered":"<p>Postal creada per<strong> N\u00faria Mart\u00ednez i Giralt<\/strong> de 1er de Batxillerat (Disseny 2D\/3D Prof: Maria Alcaraz Frasquet)<\/p>\n<div class=\"adn ads\" data-message-id=\"#msg-f:1752819943939743663\" data-legacy-message-id=\"18534473c1bf9faf\">\n<div class=\"gs\">\n<div class=\"\">\n<div id=\":n7\" class=\"ii gt\">\n<div id=\":lu\" class=\"a3s aiL \">\n<div dir=\"auto\">L&#8217;alumnat de Disseny 2D I 3D de 1r de batxillerat han dissenyat una nadala per a felicitar les festes. La postal guanyadora \u00e9s de la N\u00faria Mart\u00ednez i Giralt. Aprofitem per desitjar-vos unes bones festes i un molt bon inici d&#8217;any!<\/div>\n<div class=\"yj6qo\"><\/div>\n<div class=\"adL\"><\/div>\n<\/div>\n<\/div>\n<div class=\"hi\"><\/div>\n<\/div>\n<\/div>\n<div class=\"ajx\"><\/div>\n<\/div>\n<div class=\"gA gt acV\">\n<div class=\"gB xu\">\n<div class=\"ip iq\">\n<div id=\":n6\">\n<table class=\"cf wS\" role=\"presentation\">\n<tbody>\n<tr>\n<td class=\"amq\"><img decoding=\"async\" id=\":la_4\" class=\"ajn bofPge\" src=\"https:\/\/lh3.googleusercontent.com\/a\/AEdFTp54lMq0hjY47vFyEb6OJ2-d_0ScVXUgYr_MsqNb=s40-p-mo\" name=\":la\" data-hovercard-id=\"ruth.aris@insmallafre.cat\" \/><\/td>\n<td class=\"amr\">\n<div class=\"nr wR\">\n<div class=\"amn\"><\/div>\n<\/div>\n<\/td>\n<\/tr>\n<\/tbody>\n<\/table>\n<\/div>\n<\/div>\n<\/div>\n<\/div>\n","protected":false},"excerpt":{"rendered":"<p>Postal creada per N\u00faria Mart\u00ednez i Giralt de 1er de Batxillerat (Disseny 2D\/3D Prof: Maria Alcaraz Frasquet)<\/p>\n<p>L&#8217;alumnat de Disseny 2D I 3D de 1r de batxillerat han dissenyat una nadala per a felicitar les festes. La postal guanyadora \u00e9s de la N\u00faria Mart\u00ednez i Giralt.&hellip;  <a href=\"https:\/\/agora.xtec.cat\/iesmallafre\/portada\/postal-de-nadal\/\" title=\"Read Postal de Nadal\">Llegeix m\u00e9s\u00bb<\/a><\/p>\n","protected":false},"author":16,"featured_media":22071,"comment_status":"open","ping_status":"closed","sticky":false,"template":"","format":"standard","meta":{"_bbp_topic_count":0,"_bbp_reply_count":0,"_bbp_total_topic_count":0,"_bbp_total_reply_count":0,"_bbp_voice_count":0,"_bbp_anonymous_reply_count":0,"_bbp_topic_count_hidden":0,"_bbp_reply_count_hidden":0,"_bbp_forum_subforum_count":0,"footnotes":""},"categories":[29],"tags":[],"class_list":["post-22070","post","type-post","status-publish","format-standard","has-post-thumbnail","hentry","category-portada"],"post_mailing_queue_ids":[],"_links":{"self":[{"href":"https:\/\/agora.xtec.cat\/iesmallafre\/wp-json\/wp\/v2\/posts\/22070","targetHints":{"allow":["GET"]}}],"collection":[{"href":"https:\/\/agora.xtec.cat\/iesmallafre\/wp-json\/wp\/v2\/posts"}],"about":[{"href":"https:\/\/agora.xtec.cat\/iesmallafre\/wp-json\/wp\/v2\/types\/post"}],"author":[{"embeddable":true,"href":"https:\/\/agora.xtec.cat\/iesmallafre\/wp-json\/wp\/v2\/users\/16"}],"replies":[{"embeddable":true,"href":"https:\/\/agora.xtec.cat\/iesmallafre\/wp-json\/wp\/v2\/comments?post=22070"}],"version-history":[{"count":3,"href":"https:\/\/agora.xtec.cat\/iesmallafre\/wp-json\/wp\/v2\/posts\/22070\/revisions"}],"predecessor-version":[{"id":22074,"href":"https:\/\/agora.xtec.cat\/iesmallafre\/wp-json\/wp\/v2\/posts\/22070\/revisions\/22074"}],"wp:featuredmedia":[{"embeddable":true,"href":"https:\/\/agora.xtec.cat\/iesmallafre\/wp-json\/wp\/v2\/media\/22071"}],"wp:attachment":[{"href":"https:\/\/agora.xtec.cat\/iesmallafre\/wp-json\/wp\/v2\/media?parent=22070"}],"wp:term":[{"taxonomy":"category","embeddable":true,"href":"https:\/\/agora.xtec.cat\/iesmallafre\/wp-json\/wp\/v2\/categories?post=22070"},{"taxonomy":"post_tag","embeddable":true,"href":"https:\/\/agora.xtec.cat\/iesmallafre\/wp-json\/wp\/v2\/tags?post=22070"}],"curies":[{"name":"wp","href":"https:\/\/api.w.org\/{rel}","templated":true}]}}