{"id":22047,"date":"2022-12-15T21:50:02","date_gmt":"2022-12-15T20:50:02","guid":{"rendered":"https:\/\/agora.xtec.cat\/iesmallafre\/?p=22047"},"modified":"2022-12-15T22:06:11","modified_gmt":"2022-12-15T21:06:11","slug":"panera-de-nadal","status":"publish","type":"post","link":"https:\/\/agora.xtec.cat\/iesmallafre\/general\/panera-de-nadal\/","title":{"rendered":"Panera de Nadal"},"content":{"rendered":"<p>L&#8217;Alumnat de 4t d&#8217;ESO est\u00e0 organitzant el sorteig d&#8217;una panera amb productes cedits per botiguers i botigueres de Vilanova.<\/p>\n<p>L&#8217;Institut Dolors Mallafr\u00e8 i Ros i tots els organitzadors d\u2019aquesta Panera voldrien agrair a totes les botigues i comer\u00e7os de Vilanova i la Geltr\u00fa per oferir uns obsequis en col\u00b7laboraci\u00f3 i en ajuda al nostre projecte. Aquest recapte de fons recolzar\u00e0 les despeses del viatge de final de l\u2019etapa d&#8217;ESO a Cant\u00e0bria.<\/p>\n<p>Les botigues en participaci\u00f3 han estat les seg\u00fcents: Espiga d\u2019or, La Mulassa, Pastisseria Blanch, Torres Gracia (Xarcuteria), La botiga de la Salut, Hobby Sports, Merc\u00e8, Gelateria Llorens, Xarcuteria Margarida, Queso con Chocolate, Fresquito, Vins Avi\u00f1\u00f3, Fujifilm, Estanc 14, Ben dol\u00e7, La Branca, Quilting Bee, Teixits Baig, El Rec\u00f3, Crismir, Vinalium, Can Batadet, M\u00f3n Verd, Cat\u00e0nies Cudi\u00e9, Punto Blanco, Cama\u00f1es, Dibella, Cal Serra, Quim p\u00e0!, Natura, Akustic, Ricardo Font Floristes, Esp\u00edgol, Forn de la rambla, POW! Comics, Intersport Olaria, Llorens Llibres, Cota Zero, Abraham, Tres tintes, Granel.<\/p>\n<p>Molt\u00edssimes gr\u00e0cies per la vostra col\u00b7laboraci\u00f3!<\/p>\n<p><a href=\"https:\/\/agora.xtec.cat\/iesmallafre\/wp-content\/uploads\/usu105\/2022\/12\/Foto-de-Adria\u0300-Carrasco-Codina1.jpg\"><img loading=\"lazy\" decoding=\"async\" class=\"alignnone size-large wp-image-22048\" src=\"https:\/\/agora.xtec.cat\/iesmallafre\/wp-content\/uploads\/usu105\/2022\/12\/Foto-de-Adria\u0300-Carrasco-Codina1-1024x768.jpg\" alt=\"\" width=\"1024\" height=\"768\" srcset=\"https:\/\/agora.xtec.cat\/iesmallafre\/wp-content\/uploads\/usu105\/2022\/12\/Foto-de-Adria\u0300-Carrasco-Codina1-1024x768.jpg 1024w, https:\/\/agora.xtec.cat\/iesmallafre\/wp-content\/uploads\/usu105\/2022\/12\/Foto-de-Adria\u0300-Carrasco-Codina1-300x225.jpg 300w, https:\/\/agora.xtec.cat\/iesmallafre\/wp-content\/uploads\/usu105\/2022\/12\/Foto-de-Adria\u0300-Carrasco-Codina1-768x576.jpg 768w, https:\/\/agora.xtec.cat\/iesmallafre\/wp-content\/uploads\/usu105\/2022\/12\/Foto-de-Adria\u0300-Carrasco-Codina1-1536x1152.jpg 1536w, https:\/\/agora.xtec.cat\/iesmallafre\/wp-content\/uploads\/usu105\/2022\/12\/Foto-de-Adria\u0300-Carrasco-Codina1-200x150.jpg 200w, https:\/\/agora.xtec.cat\/iesmallafre\/wp-content\/uploads\/usu105\/2022\/12\/Foto-de-Adria\u0300-Carrasco-Codina1.jpg 1600w\" sizes=\"auto, (max-width: 1024px) 100vw, 1024px\" \/><\/a> <a href=\"https:\/\/agora.xtec.cat\/iesmallafre\/wp-content\/uploads\/usu105\/2022\/12\/Foto-de-Adria\u0300-Carrasco-Codina.jpg\"><img loading=\"lazy\" decoding=\"async\" class=\"alignnone size-large wp-image-22049\" src=\"https:\/\/agora.xtec.cat\/iesmallafre\/wp-content\/uploads\/usu105\/2022\/12\/Foto-de-Adria\u0300-Carrasco-Codina-1024x768.jpg\" alt=\"\" width=\"1024\" height=\"768\" srcset=\"https:\/\/agora.xtec.cat\/iesmallafre\/wp-content\/uploads\/usu105\/2022\/12\/Foto-de-Adria\u0300-Carrasco-Codina-1024x768.jpg 1024w, https:\/\/agora.xtec.cat\/iesmallafre\/wp-content\/uploads\/usu105\/2022\/12\/Foto-de-Adria\u0300-Carrasco-Codina-300x225.jpg 300w, https:\/\/agora.xtec.cat\/iesmallafre\/wp-content\/uploads\/usu105\/2022\/12\/Foto-de-Adria\u0300-Carrasco-Codina-768x576.jpg 768w, https:\/\/agora.xtec.cat\/iesmallafre\/wp-content\/uploads\/usu105\/2022\/12\/Foto-de-Adria\u0300-Carrasco-Codina-1536x1152.jpg 1536w, https:\/\/agora.xtec.cat\/iesmallafre\/wp-content\/uploads\/usu105\/2022\/12\/Foto-de-Adria\u0300-Carrasco-Codina-200x150.jpg 200w, https:\/\/agora.xtec.cat\/iesmallafre\/wp-content\/uploads\/usu105\/2022\/12\/Foto-de-Adria\u0300-Carrasco-Codina.jpg 2048w\" sizes=\"auto, (max-width: 1024px) 100vw, 1024px\" \/><\/a> <a href=\"https:\/\/agora.xtec.cat\/iesmallafre\/wp-content\/uploads\/usu105\/2022\/12\/1670868964676.jpg\"><img loading=\"lazy\" decoding=\"async\" class=\"alignnone size-large wp-image-22050\" src=\"https:\/\/agora.xtec.cat\/iesmallafre\/wp-content\/uploads\/usu105\/2022\/12\/1670868964676-1024x768.jpg\" alt=\"\" width=\"1024\" height=\"768\" srcset=\"https:\/\/agora.xtec.cat\/iesmallafre\/wp-content\/uploads\/usu105\/2022\/12\/1670868964676-1024x768.jpg 1024w, https:\/\/agora.xtec.cat\/iesmallafre\/wp-content\/uploads\/usu105\/2022\/12\/1670868964676-300x225.jpg 300w, https:\/\/agora.xtec.cat\/iesmallafre\/wp-content\/uploads\/usu105\/2022\/12\/1670868964676-768x576.jpg 768w, https:\/\/agora.xtec.cat\/iesmallafre\/wp-content\/uploads\/usu105\/2022\/12\/1670868964676-1536x1152.jpg 1536w, https:\/\/agora.xtec.cat\/iesmallafre\/wp-content\/uploads\/usu105\/2022\/12\/1670868964676-200x150.jpg 200w, https:\/\/agora.xtec.cat\/iesmallafre\/wp-content\/uploads\/usu105\/2022\/12\/1670868964676.jpg 2048w\" sizes=\"auto, (max-width: 1024px) 100vw, 1024px\" \/><\/a> <a href=\"https:\/\/agora.xtec.cat\/iesmallafre\/wp-content\/uploads\/usu105\/2022\/12\/1670868847716.jpg\"><img loading=\"lazy\" decoding=\"async\" class=\"alignnone size-large wp-image-22051\" src=\"https:\/\/agora.xtec.cat\/iesmallafre\/wp-content\/uploads\/usu105\/2022\/12\/1670868847716-768x1024.jpg\" alt=\"\" width=\"768\" height=\"1024\" srcset=\"https:\/\/agora.xtec.cat\/iesmallafre\/wp-content\/uploads\/usu105\/2022\/12\/1670868847716-768x1024.jpg 768w, https:\/\/agora.xtec.cat\/iesmallafre\/wp-content\/uploads\/usu105\/2022\/12\/1670868847716-225x300.jpg 225w, https:\/\/agora.xtec.cat\/iesmallafre\/wp-content\/uploads\/usu105\/2022\/12\/1670868847716-1152x1536.jpg 1152w, https:\/\/agora.xtec.cat\/iesmallafre\/wp-content\/uploads\/usu105\/2022\/12\/1670868847716.jpg 1536w\" sizes=\"auto, (max-width: 768px) 100vw, 768px\" \/><\/a><\/p>\n<p>&nbsp;<\/p>\n<div><\/div>\n","protected":false},"excerpt":{"rendered":"<p>L&#8217;Alumnat de 4t d&#8217;ESO est\u00e0 organitzant el sorteig d&#8217;una panera amb productes cedits per botiguers i botigueres de Vilanova.<br \/>\nL&#8217;Institut Dolors Mallafr\u00e8 i Ros i tots els organitzadors d\u2019aquesta Panera voldrien agrair a totes les botigues i comer\u00e7os de Vilanova i la Geltr\u00fa per oferir uns&hellip;  <a href=\"https:\/\/agora.xtec.cat\/iesmallafre\/general\/panera-de-nadal\/\" title=\"Read Panera de Nadal\">Llegeix m\u00e9s\u00bb<\/a><\/p>\n","protected":false},"author":16,"featured_media":22052,"comment_status":"open","ping_status":"closed","sticky":false,"template":"","format":"standard","meta":{"_bbp_topic_count":0,"_bbp_reply_count":0,"_bbp_total_topic_count":0,"_bbp_total_reply_count":0,"_bbp_voice_count":0,"_bbp_anonymous_reply_count":0,"_bbp_topic_count_hidden":0,"_bbp_reply_count_hidden":0,"_bbp_forum_subforum_count":0,"footnotes":""},"categories":[3,7,1,29],"tags":[],"class_list":["post-22047","post","type-post","status-publish","format-standard","has-post-thumbnail","hentry","category-eso","category-eso-4","category-general","category-portada"],"post_mailing_queue_ids":[],"_links":{"self":[{"href":"https:\/\/agora.xtec.cat\/iesmallafre\/wp-json\/wp\/v2\/posts\/22047","targetHints":{"allow":["GET"]}}],"collection":[{"href":"https:\/\/agora.xtec.cat\/iesmallafre\/wp-json\/wp\/v2\/posts"}],"about":[{"href":"https:\/\/agora.xtec.cat\/iesmallafre\/wp-json\/wp\/v2\/types\/post"}],"author":[{"embeddable":true,"href":"https:\/\/agora.xtec.cat\/iesmallafre\/wp-json\/wp\/v2\/users\/16"}],"replies":[{"embeddable":true,"href":"https:\/\/agora.xtec.cat\/iesmallafre\/wp-json\/wp\/v2\/comments?post=22047"}],"version-history":[{"count":2,"href":"https:\/\/agora.xtec.cat\/iesmallafre\/wp-json\/wp\/v2\/posts\/22047\/revisions"}],"predecessor-version":[{"id":22054,"href":"https:\/\/agora.xtec.cat\/iesmallafre\/wp-json\/wp\/v2\/posts\/22047\/revisions\/22054"}],"wp:featuredmedia":[{"embeddable":true,"href":"https:\/\/agora.xtec.cat\/iesmallafre\/wp-json\/wp\/v2\/media\/22052"}],"wp:attachment":[{"href":"https:\/\/agora.xtec.cat\/iesmallafre\/wp-json\/wp\/v2\/media?parent=22047"}],"wp:term":[{"taxonomy":"category","embeddable":true,"href":"https:\/\/agora.xtec.cat\/iesmallafre\/wp-json\/wp\/v2\/categories?post=22047"},{"taxonomy":"post_tag","embeddable":true,"href":"https:\/\/agora.xtec.cat\/iesmallafre\/wp-json\/wp\/v2\/tags?post=22047"}],"curies":[{"name":"wp","href":"https:\/\/api.w.org\/{rel}","templated":true}]}}