{"id":22022,"date":"2022-11-25T23:01:15","date_gmt":"2022-11-25T22:01:15","guid":{"rendered":"https:\/\/agora.xtec.cat\/iesmallafre\/?p=22022"},"modified":"2022-11-25T23:01:15","modified_gmt":"2022-11-25T22:01:15","slug":"dia-internacional-per-lerradicacio-de-la-violencia-vers-les-dones","status":"publish","type":"post","link":"https:\/\/agora.xtec.cat\/iesmallafre\/batxillerat\/dia-internacional-per-lerradicacio-de-la-violencia-vers-les-dones\/","title":{"rendered":"Dia internacional per l\u2019erradicaci\u00f3 de la viol\u00e8ncia vers les dones"},"content":{"rendered":"<p>L&#8217;alumnat de 1r de batxillerat de la mat\u00e8ria de Cultura Audiovisual ha realitzat aquestes fotos per commemorar el 25N, Dia internacional per l\u2019erradicaci\u00f3 de la viol\u00e8ncia vers les dones.<\/p>\n<p><a href=\"https:\/\/agora.xtec.cat\/iesmallafre\/wp-content\/uploads\/usu105\/2022\/11\/WhatsApp-Image-2022-11-25-at-21.16.43-1.jpeg\"><img loading=\"lazy\" decoding=\"async\" class=\"wp-image-22024 aligncenter\" src=\"https:\/\/agora.xtec.cat\/iesmallafre\/wp-content\/uploads\/usu105\/2022\/11\/WhatsApp-Image-2022-11-25-at-21.16.43-1-1024x1024.jpeg\" alt=\"\" width=\"572\" height=\"572\" srcset=\"https:\/\/agora.xtec.cat\/iesmallafre\/wp-content\/uploads\/usu105\/2022\/11\/WhatsApp-Image-2022-11-25-at-21.16.43-1-1024x1024.jpeg 1024w, https:\/\/agora.xtec.cat\/iesmallafre\/wp-content\/uploads\/usu105\/2022\/11\/WhatsApp-Image-2022-11-25-at-21.16.43-1-300x300.jpeg 300w, https:\/\/agora.xtec.cat\/iesmallafre\/wp-content\/uploads\/usu105\/2022\/11\/WhatsApp-Image-2022-11-25-at-21.16.43-1-150x150.jpeg 150w, https:\/\/agora.xtec.cat\/iesmallafre\/wp-content\/uploads\/usu105\/2022\/11\/WhatsApp-Image-2022-11-25-at-21.16.43-1-768x768.jpeg 768w, https:\/\/agora.xtec.cat\/iesmallafre\/wp-content\/uploads\/usu105\/2022\/11\/WhatsApp-Image-2022-11-25-at-21.16.43-1-1536x1536.jpeg 1536w, https:\/\/agora.xtec.cat\/iesmallafre\/wp-content\/uploads\/usu105\/2022\/11\/WhatsApp-Image-2022-11-25-at-21.16.43-1.jpeg 2048w\" sizes=\"auto, (max-width: 572px) 100vw, 572px\" \/><\/a><\/p>\n<p><a href=\"https:\/\/agora.xtec.cat\/iesmallafre\/wp-content\/uploads\/usu105\/2022\/11\/WhatsApp-Image-2022-11-25-at-21.16.43.jpeg\"><img loading=\"lazy\" decoding=\"async\" class=\"wp-image-22025 aligncenter\" src=\"https:\/\/agora.xtec.cat\/iesmallafre\/wp-content\/uploads\/usu105\/2022\/11\/WhatsApp-Image-2022-11-25-at-21.16.43.jpeg\" alt=\"\" width=\"570\" height=\"427\" srcset=\"https:\/\/agora.xtec.cat\/iesmallafre\/wp-content\/uploads\/usu105\/2022\/11\/WhatsApp-Image-2022-11-25-at-21.16.43.jpeg 1024w, https:\/\/agora.xtec.cat\/iesmallafre\/wp-content\/uploads\/usu105\/2022\/11\/WhatsApp-Image-2022-11-25-at-21.16.43-300x225.jpeg 300w, https:\/\/agora.xtec.cat\/iesmallafre\/wp-content\/uploads\/usu105\/2022\/11\/WhatsApp-Image-2022-11-25-at-21.16.43-768x576.jpeg 768w, https:\/\/agora.xtec.cat\/iesmallafre\/wp-content\/uploads\/usu105\/2022\/11\/WhatsApp-Image-2022-11-25-at-21.16.43-200x150.jpeg 200w\" sizes=\"auto, (max-width: 570px) 100vw, 570px\" \/><\/a><\/p>\n","protected":false},"excerpt":{"rendered":"<p>L&#8217;alumnat de 1r de batxillerat de la mat\u00e8ria de Cultura Audiovisual ha realitzat aquestes fotos per commemorar el 25N, Dia internacional per l\u2019erradicaci\u00f3 de la viol\u00e8ncia vers les dones.<br \/>\n<a href=\"https:\/\/agora.xtec.cat\/iesmallafre\/wp-content\/uploads\/usu105\/2022\/11\/WhatsApp-Image-2022-11-25-at-21.16.43-1.jpeg\"><\/a><br \/>\n<a href=\"https:\/\/agora.xtec.cat\/iesmallafre\/wp-content\/uploads\/usu105\/2022\/11\/WhatsApp-Image-2022-11-25-at-21.16.43.jpeg\"><\/a><\/p>\n","protected":false},"author":16,"featured_media":22023,"comment_status":"open","ping_status":"closed","sticky":false,"template":"","format":"standard","meta":{"_bbp_topic_count":0,"_bbp_reply_count":0,"_bbp_total_topic_count":0,"_bbp_total_reply_count":0,"_bbp_voice_count":0,"_bbp_anonymous_reply_count":0,"_bbp_topic_count_hidden":0,"_bbp_reply_count_hidden":0,"_bbp_forum_subforum_count":0,"footnotes":""},"categories":[8,29],"tags":[],"class_list":["post-22022","post","type-post","status-publish","format-standard","has-post-thumbnail","hentry","category-batxillerat","category-portada"],"post_mailing_queue_ids":[],"_links":{"self":[{"href":"https:\/\/agora.xtec.cat\/iesmallafre\/wp-json\/wp\/v2\/posts\/22022","targetHints":{"allow":["GET"]}}],"collection":[{"href":"https:\/\/agora.xtec.cat\/iesmallafre\/wp-json\/wp\/v2\/posts"}],"about":[{"href":"https:\/\/agora.xtec.cat\/iesmallafre\/wp-json\/wp\/v2\/types\/post"}],"author":[{"embeddable":true,"href":"https:\/\/agora.xtec.cat\/iesmallafre\/wp-json\/wp\/v2\/users\/16"}],"replies":[{"embeddable":true,"href":"https:\/\/agora.xtec.cat\/iesmallafre\/wp-json\/wp\/v2\/comments?post=22022"}],"version-history":[{"count":2,"href":"https:\/\/agora.xtec.cat\/iesmallafre\/wp-json\/wp\/v2\/posts\/22022\/revisions"}],"predecessor-version":[{"id":22027,"href":"https:\/\/agora.xtec.cat\/iesmallafre\/wp-json\/wp\/v2\/posts\/22022\/revisions\/22027"}],"wp:featuredmedia":[{"embeddable":true,"href":"https:\/\/agora.xtec.cat\/iesmallafre\/wp-json\/wp\/v2\/media\/22023"}],"wp:attachment":[{"href":"https:\/\/agora.xtec.cat\/iesmallafre\/wp-json\/wp\/v2\/media?parent=22022"}],"wp:term":[{"taxonomy":"category","embeddable":true,"href":"https:\/\/agora.xtec.cat\/iesmallafre\/wp-json\/wp\/v2\/categories?post=22022"},{"taxonomy":"post_tag","embeddable":true,"href":"https:\/\/agora.xtec.cat\/iesmallafre\/wp-json\/wp\/v2\/tags?post=22022"}],"curies":[{"name":"wp","href":"https:\/\/api.w.org\/{rel}","templated":true}]}}