{"id":22012,"date":"2022-11-25T11:56:14","date_gmt":"2022-11-25T10:56:14","guid":{"rendered":"https:\/\/agora.xtec.cat\/iesmallafre\/?p=22012"},"modified":"2022-11-25T11:56:58","modified_gmt":"2022-11-25T10:56:58","slug":"sortida-de-1er-deso-al-jaciment-de-darro","status":"publish","type":"post","link":"https:\/\/agora.xtec.cat\/iesmallafre\/general\/sortida-de-1er-deso-al-jaciment-de-darro\/","title":{"rendered":"Sortida de 1er d&#8217;ESO al jaciment de Darr\u00f3"},"content":{"rendered":"<p>L\u2019alumnat de 1ESO ha fet una sortida al jaciment de Darr\u00f3. Hem gaudit d\u2019una visita en la qual hem pogut veure quin \u00e9s el treball dels arque\u00f2legs, fonamental per poder con\u00e8ixer la Hist\u00f2ria.<\/p>\n<p><a href=\"https:\/\/agora.xtec.cat\/iesmallafre\/wp-content\/uploads\/usu105\/2022\/11\/WhatsApp-Image-2022-11-24-at-18.05.17.jpeg\"><img loading=\"lazy\" decoding=\"async\" class=\"alignnone size-full wp-image-22015\" src=\"https:\/\/agora.xtec.cat\/iesmallafre\/wp-content\/uploads\/usu105\/2022\/11\/WhatsApp-Image-2022-11-24-at-18.05.17.jpeg\" alt=\"\" width=\"1024\" height=\"768\" srcset=\"https:\/\/agora.xtec.cat\/iesmallafre\/wp-content\/uploads\/usu105\/2022\/11\/WhatsApp-Image-2022-11-24-at-18.05.17.jpeg 1024w, https:\/\/agora.xtec.cat\/iesmallafre\/wp-content\/uploads\/usu105\/2022\/11\/WhatsApp-Image-2022-11-24-at-18.05.17-300x225.jpeg 300w, https:\/\/agora.xtec.cat\/iesmallafre\/wp-content\/uploads\/usu105\/2022\/11\/WhatsApp-Image-2022-11-24-at-18.05.17-768x576.jpeg 768w, https:\/\/agora.xtec.cat\/iesmallafre\/wp-content\/uploads\/usu105\/2022\/11\/WhatsApp-Image-2022-11-24-at-18.05.17-200x150.jpeg 200w\" sizes=\"auto, (max-width: 1024px) 100vw, 1024px\" \/><\/a> <a href=\"https:\/\/agora.xtec.cat\/iesmallafre\/wp-content\/uploads\/usu105\/2022\/11\/WhatsApp-Image-2022-11-24-at-18.05.171.jpeg\"><img loading=\"lazy\" decoding=\"async\" class=\"alignnone size-full wp-image-22014\" src=\"https:\/\/agora.xtec.cat\/iesmallafre\/wp-content\/uploads\/usu105\/2022\/11\/WhatsApp-Image-2022-11-24-at-18.05.171.jpeg\" alt=\"\" width=\"768\" height=\"1024\" srcset=\"https:\/\/agora.xtec.cat\/iesmallafre\/wp-content\/uploads\/usu105\/2022\/11\/WhatsApp-Image-2022-11-24-at-18.05.171.jpeg 768w, https:\/\/agora.xtec.cat\/iesmallafre\/wp-content\/uploads\/usu105\/2022\/11\/WhatsApp-Image-2022-11-24-at-18.05.171-225x300.jpeg 225w\" sizes=\"auto, (max-width: 768px) 100vw, 768px\" \/><\/a> <a href=\"https:\/\/agora.xtec.cat\/iesmallafre\/wp-content\/uploads\/usu105\/2022\/11\/WhatsApp-Image-2022-11-24-at-18.05.19.jpeg\"><img loading=\"lazy\" decoding=\"async\" class=\"alignnone size-full wp-image-22016\" src=\"https:\/\/agora.xtec.cat\/iesmallafre\/wp-content\/uploads\/usu105\/2022\/11\/WhatsApp-Image-2022-11-24-at-18.05.19.jpeg\" alt=\"\" width=\"768\" height=\"1024\" srcset=\"https:\/\/agora.xtec.cat\/iesmallafre\/wp-content\/uploads\/usu105\/2022\/11\/WhatsApp-Image-2022-11-24-at-18.05.19.jpeg 768w, https:\/\/agora.xtec.cat\/iesmallafre\/wp-content\/uploads\/usu105\/2022\/11\/WhatsApp-Image-2022-11-24-at-18.05.19-225x300.jpeg 225w\" sizes=\"auto, (max-width: 768px) 100vw, 768px\" \/><\/a><\/p>\n","protected":false},"excerpt":{"rendered":"<p>L\u2019alumnat de 1ESO ha fet una sortida al jaciment de Darr\u00f3. Hem gaudit d\u2019una visita en la qual hem pogut veure quin \u00e9s el treball dels arque\u00f2legs, fonamental per poder con\u00e8ixer la Hist\u00f2ria.<br \/>\n<a href=\"https:\/\/agora.xtec.cat\/iesmallafre\/wp-content\/uploads\/usu105\/2022\/11\/WhatsApp-Image-2022-11-24-at-18.05.17.jpeg\"><\/a> <a href=\"https:\/\/agora.xtec.cat\/iesmallafre\/wp-content\/uploads\/usu105\/2022\/11\/WhatsApp-Image-2022-11-24-at-18.05.171.jpeg\"><\/a> <a href=\"https:\/\/agora.xtec.cat\/iesmallafre\/wp-content\/uploads\/usu105\/2022\/11\/WhatsApp-Image-2022-11-24-at-18.05.19.jpeg\"><\/a><\/p>\n","protected":false},"author":16,"featured_media":22013,"comment_status":"open","ping_status":"closed","sticky":false,"template":"","format":"standard","meta":{"_bbp_topic_count":0,"_bbp_reply_count":0,"_bbp_total_topic_count":0,"_bbp_total_reply_count":0,"_bbp_voice_count":0,"_bbp_anonymous_reply_count":0,"_bbp_topic_count_hidden":0,"_bbp_reply_count_hidden":0,"_bbp_forum_subforum_count":0,"footnotes":""},"categories":[4,1,29],"tags":[],"class_list":["post-22012","post","type-post","status-publish","format-standard","has-post-thumbnail","hentry","category-eso-1","category-general","category-portada"],"post_mailing_queue_ids":[],"_links":{"self":[{"href":"https:\/\/agora.xtec.cat\/iesmallafre\/wp-json\/wp\/v2\/posts\/22012","targetHints":{"allow":["GET"]}}],"collection":[{"href":"https:\/\/agora.xtec.cat\/iesmallafre\/wp-json\/wp\/v2\/posts"}],"about":[{"href":"https:\/\/agora.xtec.cat\/iesmallafre\/wp-json\/wp\/v2\/types\/post"}],"author":[{"embeddable":true,"href":"https:\/\/agora.xtec.cat\/iesmallafre\/wp-json\/wp\/v2\/users\/16"}],"replies":[{"embeddable":true,"href":"https:\/\/agora.xtec.cat\/iesmallafre\/wp-json\/wp\/v2\/comments?post=22012"}],"version-history":[{"count":2,"href":"https:\/\/agora.xtec.cat\/iesmallafre\/wp-json\/wp\/v2\/posts\/22012\/revisions"}],"predecessor-version":[{"id":22018,"href":"https:\/\/agora.xtec.cat\/iesmallafre\/wp-json\/wp\/v2\/posts\/22012\/revisions\/22018"}],"wp:featuredmedia":[{"embeddable":true,"href":"https:\/\/agora.xtec.cat\/iesmallafre\/wp-json\/wp\/v2\/media\/22013"}],"wp:attachment":[{"href":"https:\/\/agora.xtec.cat\/iesmallafre\/wp-json\/wp\/v2\/media?parent=22012"}],"wp:term":[{"taxonomy":"category","embeddable":true,"href":"https:\/\/agora.xtec.cat\/iesmallafre\/wp-json\/wp\/v2\/categories?post=22012"},{"taxonomy":"post_tag","embeddable":true,"href":"https:\/\/agora.xtec.cat\/iesmallafre\/wp-json\/wp\/v2\/tags?post=22012"}],"curies":[{"name":"wp","href":"https:\/\/api.w.org\/{rel}","templated":true}]}}