{"id":21888,"date":"2022-10-19T08:31:23","date_gmt":"2022-10-19T06:31:23","guid":{"rendered":"https:\/\/agora.xtec.cat\/iesmallafre\/?p=21888"},"modified":"2022-10-19T08:42:50","modified_gmt":"2022-10-19T06:42:50","slug":"sortida-a-la-masia-cabanyes-2n-batx","status":"publish","type":"post","link":"https:\/\/agora.xtec.cat\/iesmallafre\/batxillerat\/sortida-a-la-masia-cabanyes-2n-batx\/","title":{"rendered":"Visita a la Masia Cabanyes &#8211; 2n BATX"},"content":{"rendered":"<p>L&#8217;alumnat de 2n de Batxillerat de dibuix art\u00edstic de l&#8217;INS Mallafr\u00e8 hem realitzat una sortida i visita a la Masia Cabanyes. Hem pogut visitar les instal\u00b7lacions i con\u00e8ixer la hist\u00f2ria de la fam\u00edlia Cabanyes i d&#8217;aquesta masia rom\u00e0ntica situada a les afores de Vilanova i la Geltr\u00fa.<\/p>\n<p>Hem comen\u00e7at visitant la planta inferior on es troba una maqueta original de la masia i un quadre original de la construcci\u00f3. Mitjan\u00e7ant diferents pintures originals hem conegut als diferents membres de la fam\u00edlia i la figura del poeta rom\u00e0ntic Manuel de Cabanyes. A la part superior hem visitat la biblioteca i les estances de l&#8217;\u00faltim membre important de la saga, el pintor Alexandre de Cabanyes, que va establir a la masia el seu estudi pict\u00f2ric.<\/p>\n<p>Hem visitat la sala dedicada als gravats originals del pintor Goya de la s\u00e8rie &#8220;disparates&#8221; propietat de la fam\u00edlia Cabanyes. La visita ha finalitzat amb un treball de dibuix del natural al jard\u00ed de la masia, on el professor Germ\u00e1n March ha donat els consells i les instruccions de l&#8217;exercici. Ha estat una sortida molt enriquidora que ens ha perm\u00e8s als alumnes con\u00e8ixer l&#8217;art i el patrimoni de la ciutat m\u00e9s enll\u00e0 del nostre centre.<\/p>\n<div><\/div>\n<div><\/div>\n<div><\/div>\n<div><\/div>\n<div><\/div>\n<div class=\"gmail_attr\" dir=\"ltr\"><a href=\"https:\/\/agora.xtec.cat\/iesmallafre\/wp-content\/uploads\/usu105\/2022\/10\/20221018_140406.jpg\"><img loading=\"lazy\" decoding=\"async\" class=\"wp-image-21892 aligncenter\" src=\"https:\/\/agora.xtec.cat\/iesmallafre\/wp-content\/uploads\/usu105\/2022\/10\/20221018_140406-1024x768.jpg\" alt=\"\" width=\"527\" height=\"396\" srcset=\"https:\/\/agora.xtec.cat\/iesmallafre\/wp-content\/uploads\/usu105\/2022\/10\/20221018_140406-1024x768.jpg 1024w, https:\/\/agora.xtec.cat\/iesmallafre\/wp-content\/uploads\/usu105\/2022\/10\/20221018_140406-300x225.jpg 300w, https:\/\/agora.xtec.cat\/iesmallafre\/wp-content\/uploads\/usu105\/2022\/10\/20221018_140406-768x576.jpg 768w, https:\/\/agora.xtec.cat\/iesmallafre\/wp-content\/uploads\/usu105\/2022\/10\/20221018_140406-1536x1152.jpg 1536w, https:\/\/agora.xtec.cat\/iesmallafre\/wp-content\/uploads\/usu105\/2022\/10\/20221018_140406-200x150.jpg 200w, https:\/\/agora.xtec.cat\/iesmallafre\/wp-content\/uploads\/usu105\/2022\/10\/20221018_140406.jpg 1600w\" sizes=\"auto, (max-width: 527px) 100vw, 527px\" \/><\/a><\/div>\n<div dir=\"ltr\"><\/div>\n<div dir=\"ltr\"><\/div>\n","protected":false},"excerpt":{"rendered":"<p>L&#8217;alumnat de 2n de Batxillerat de dibuix art\u00edstic de l&#8217;INS Mallafr\u00e8 hem realitzat una sortida i visita a la Masia Cabanyes. Hem pogut visitar les instal\u00b7lacions i con\u00e8ixer la hist\u00f2ria de la fam\u00edlia Cabanyes i d&#8217;aquesta masia rom\u00e0ntica situada a les afores de Vilanova i&hellip;  <a href=\"https:\/\/agora.xtec.cat\/iesmallafre\/batxillerat\/sortida-a-la-masia-cabanyes-2n-batx\/\" title=\"Read Visita a la Masia Cabanyes &#8211; 2n BATX\">Llegeix m\u00e9s\u00bb<\/a><\/p>\n","protected":false},"author":16,"featured_media":21894,"comment_status":"closed","ping_status":"closed","sticky":false,"template":"","format":"standard","meta":{"_bbp_topic_count":0,"_bbp_reply_count":0,"_bbp_total_topic_count":0,"_bbp_total_reply_count":0,"_bbp_voice_count":0,"_bbp_anonymous_reply_count":0,"_bbp_topic_count_hidden":0,"_bbp_reply_count_hidden":0,"_bbp_forum_subforum_count":0,"footnotes":""},"categories":[8,29],"tags":[],"class_list":["post-21888","post","type-post","status-publish","format-standard","has-post-thumbnail","hentry","category-batxillerat","category-portada"],"post_mailing_queue_ids":[],"_links":{"self":[{"href":"https:\/\/agora.xtec.cat\/iesmallafre\/wp-json\/wp\/v2\/posts\/21888","targetHints":{"allow":["GET"]}}],"collection":[{"href":"https:\/\/agora.xtec.cat\/iesmallafre\/wp-json\/wp\/v2\/posts"}],"about":[{"href":"https:\/\/agora.xtec.cat\/iesmallafre\/wp-json\/wp\/v2\/types\/post"}],"author":[{"embeddable":true,"href":"https:\/\/agora.xtec.cat\/iesmallafre\/wp-json\/wp\/v2\/users\/16"}],"replies":[{"embeddable":true,"href":"https:\/\/agora.xtec.cat\/iesmallafre\/wp-json\/wp\/v2\/comments?post=21888"}],"version-history":[{"count":4,"href":"https:\/\/agora.xtec.cat\/iesmallafre\/wp-json\/wp\/v2\/posts\/21888\/revisions"}],"predecessor-version":[{"id":21905,"href":"https:\/\/agora.xtec.cat\/iesmallafre\/wp-json\/wp\/v2\/posts\/21888\/revisions\/21905"}],"wp:featuredmedia":[{"embeddable":true,"href":"https:\/\/agora.xtec.cat\/iesmallafre\/wp-json\/wp\/v2\/media\/21894"}],"wp:attachment":[{"href":"https:\/\/agora.xtec.cat\/iesmallafre\/wp-json\/wp\/v2\/media?parent=21888"}],"wp:term":[{"taxonomy":"category","embeddable":true,"href":"https:\/\/agora.xtec.cat\/iesmallafre\/wp-json\/wp\/v2\/categories?post=21888"},{"taxonomy":"post_tag","embeddable":true,"href":"https:\/\/agora.xtec.cat\/iesmallafre\/wp-json\/wp\/v2\/tags?post=21888"}],"curies":[{"name":"wp","href":"https:\/\/api.w.org\/{rel}","templated":true}]}}