{"id":20588,"date":"2022-03-17T23:24:58","date_gmt":"2022-03-17T22:24:58","guid":{"rendered":"https:\/\/agora.xtec.cat\/iesmallafre\/?p=20588"},"modified":"2022-03-17T23:24:58","modified_gmt":"2022-03-17T22:24:58","slug":"vaga-marc-2022","status":"publish","type":"post","link":"https:\/\/agora.xtec.cat\/iesmallafre\/general\/vaga-marc-2022\/","title":{"rendered":"Vaga mar\u00e7 2022"},"content":{"rendered":"<h1 style=\"text-align: center;\"><span style=\"color: #0b37b3;\"><strong>FEM VAGA. ENS MOBILITZEM!<\/strong><\/span><\/h1>\n<h2 style=\"text-align: center;\"><span style=\"color: #0b37b3;\">L&#8217;assemblea docent de l&#8217;INS Dolors Mallafr\u00e8 dona suport a la vaga unit\u00e0ria dels propers dies a Catalunya, convocada pels sindicats d&#8217;educaci\u00f3.<\/span><\/h2>\n<h2 style=\"text-align: center;\"><span style=\"color: #0b37b3;\">Direcci\u00f3 enviar\u00e0 avui una comunicaci\u00f3 a les fam\u00edlies amb la informaci\u00f3 detallada dels motius que reivindiquem. L&#8217;objectiu final de la vaga \u00e9s millorar l&#8217;educaci\u00f3 de les nostres filles i fills.<\/span><\/h2>\n<h2 style=\"text-align: center;\"><span style=\"color: #0b37b3;\">Prou imposicions!<\/span><\/h2>\n<h2 style=\"text-align: center;\"><span style=\"color: #0b37b3;\">Demanen la vostra comprensi\u00f3 i suport.<\/span><\/h2>\n<p><a href=\"https:\/\/agora.xtec.cat\/iesmallafre\/wp-content\/uploads\/usu105\/2022\/03\/Anem-a-la-vaga.jpg\"><img loading=\"lazy\" decoding=\"async\" class=\"size-large wp-image-20580 aligncenter\" src=\"https:\/\/agora.xtec.cat\/iesmallafre\/wp-content\/uploads\/usu105\/2022\/03\/Anem-a-la-vaga-1024x626.jpg\" alt=\"\" width=\"1024\" height=\"626\" srcset=\"https:\/\/agora.xtec.cat\/iesmallafre\/wp-content\/uploads\/usu105\/2022\/03\/Anem-a-la-vaga-1024x626.jpg 1024w, https:\/\/agora.xtec.cat\/iesmallafre\/wp-content\/uploads\/usu105\/2022\/03\/Anem-a-la-vaga-300x183.jpg 300w, https:\/\/agora.xtec.cat\/iesmallafre\/wp-content\/uploads\/usu105\/2022\/03\/Anem-a-la-vaga-768x470.jpg 768w, https:\/\/agora.xtec.cat\/iesmallafre\/wp-content\/uploads\/usu105\/2022\/03\/Anem-a-la-vaga-1536x939.jpg 1536w, https:\/\/agora.xtec.cat\/iesmallafre\/wp-content\/uploads\/usu105\/2022\/03\/Anem-a-la-vaga.jpg 1854w\" sizes=\"auto, (max-width: 1024px) 100vw, 1024px\" \/><\/a><\/p>\n","protected":false},"excerpt":{"rendered":"<p>FEM VAGA. ENS MOBILITZEM!<br \/>\nL&#8217;assemblea docent de l&#8217;INS Dolors Mallafr\u00e8 dona suport a la vaga unit\u00e0ria dels propers dies a Catalunya, convocada pels sindicats d&#8217;educaci\u00f3.<br \/>\nDirecci\u00f3 enviar\u00e0 avui una comunicaci\u00f3 a les fam\u00edlies amb la informaci\u00f3 detallada dels motius que reivindiquem. L&#8217;objectiu final de la vaga \u00e9s&hellip;  <a href=\"https:\/\/agora.xtec.cat\/iesmallafre\/general\/vaga-marc-2022\/\" title=\"Read Vaga mar\u00e7 2022\">Llegeix m\u00e9s\u00bb<\/a><\/p>\n","protected":false},"author":14,"featured_media":0,"comment_status":"open","ping_status":"closed","sticky":false,"template":"","format":"standard","meta":{"_bbp_topic_count":0,"_bbp_reply_count":0,"_bbp_total_topic_count":0,"_bbp_total_reply_count":0,"_bbp_voice_count":0,"_bbp_anonymous_reply_count":0,"_bbp_topic_count_hidden":0,"_bbp_reply_count_hidden":0,"_bbp_forum_subforum_count":0,"footnotes":""},"categories":[1],"tags":[],"class_list":["post-20588","post","type-post","status-publish","format-standard","hentry","category-general"],"post_mailing_queue_ids":[],"_links":{"self":[{"href":"https:\/\/agora.xtec.cat\/iesmallafre\/wp-json\/wp\/v2\/posts\/20588","targetHints":{"allow":["GET"]}}],"collection":[{"href":"https:\/\/agora.xtec.cat\/iesmallafre\/wp-json\/wp\/v2\/posts"}],"about":[{"href":"https:\/\/agora.xtec.cat\/iesmallafre\/wp-json\/wp\/v2\/types\/post"}],"author":[{"embeddable":true,"href":"https:\/\/agora.xtec.cat\/iesmallafre\/wp-json\/wp\/v2\/users\/14"}],"replies":[{"embeddable":true,"href":"https:\/\/agora.xtec.cat\/iesmallafre\/wp-json\/wp\/v2\/comments?post=20588"}],"version-history":[{"count":1,"href":"https:\/\/agora.xtec.cat\/iesmallafre\/wp-json\/wp\/v2\/posts\/20588\/revisions"}],"predecessor-version":[{"id":20589,"href":"https:\/\/agora.xtec.cat\/iesmallafre\/wp-json\/wp\/v2\/posts\/20588\/revisions\/20589"}],"wp:attachment":[{"href":"https:\/\/agora.xtec.cat\/iesmallafre\/wp-json\/wp\/v2\/media?parent=20588"}],"wp:term":[{"taxonomy":"category","embeddable":true,"href":"https:\/\/agora.xtec.cat\/iesmallafre\/wp-json\/wp\/v2\/categories?post=20588"},{"taxonomy":"post_tag","embeddable":true,"href":"https:\/\/agora.xtec.cat\/iesmallafre\/wp-json\/wp\/v2\/tags?post=20588"}],"curies":[{"name":"wp","href":"https:\/\/api.w.org\/{rel}","templated":true}]}}