{"id":1856,"date":"2019-03-22T13:06:53","date_gmt":"2019-03-22T12:06:53","guid":{"rendered":"http:\/\/agora.xtec.cat\/iesmallafre\/?p=1856"},"modified":"2019-04-09T13:09:09","modified_gmt":"2019-04-09T11:09:09","slug":"intercanvi-amb-perpinya-4t-deso-i-1r-batx","status":"publish","type":"post","link":"https:\/\/agora.xtec.cat\/iesmallafre\/general\/intercanvi-amb-perpinya-4t-deso-i-1r-batx\/","title":{"rendered":"Intercanvi amb Perpiny\u00e0 4t d&#8217;ESO i 1r BATX"},"content":{"rendered":"<p>Avui hem marxat cap a Perpiny\u00e0, on estarem una setmana d\u2019intercanvi amb el Lyc\u00e9e Aristides Maillol. Els alumnes de 4rt d\u2019ESO i 1r de Batxillerat han visitat avui, de cam\u00ed, la coutat de Narbona, on han fet una visita guiada en qu\u00e8 han pogut apreciar els or\u00edgens romans, occitans i g\u00f2tics d\u2019aquesta espectacular ciutat.<\/p>\n<p><a href=\"https:\/\/agora.xtec.cat\/iesmallafre\/wp-content\/uploads\/usu105\/2019\/04\/54730996_2219870374746908_1816750919732166656_n.jpg\"><img loading=\"lazy\" decoding=\"async\" class=\"aligncenter size-full wp-image-1857\" src=\"https:\/\/agora.xtec.cat\/iesmallafre\/wp-content\/uploads\/usu105\/2019\/04\/54730996_2219870374746908_1816750919732166656_n.jpg\" alt=\"\" width=\"525\" height=\"525\" srcset=\"https:\/\/agora.xtec.cat\/iesmallafre\/wp-content\/uploads\/usu105\/2019\/04\/54730996_2219870374746908_1816750919732166656_n.jpg 525w, https:\/\/agora.xtec.cat\/iesmallafre\/wp-content\/uploads\/usu105\/2019\/04\/54730996_2219870374746908_1816750919732166656_n-150x150.jpg 150w, https:\/\/agora.xtec.cat\/iesmallafre\/wp-content\/uploads\/usu105\/2019\/04\/54730996_2219870374746908_1816750919732166656_n-300x300.jpg 300w\" sizes=\"auto, (max-width: 525px) 100vw, 525px\" \/><\/a> <a href=\"https:\/\/agora.xtec.cat\/iesmallafre\/wp-content\/uploads\/usu105\/2019\/04\/55535176_2219870478080231_9110698680855298048_n.jpg\"><img loading=\"lazy\" decoding=\"async\" class=\"aligncenter size-full wp-image-1858\" src=\"https:\/\/agora.xtec.cat\/iesmallafre\/wp-content\/uploads\/usu105\/2019\/04\/55535176_2219870478080231_9110698680855298048_n.jpg\" alt=\"\" width=\"960\" height=\"720\" srcset=\"https:\/\/agora.xtec.cat\/iesmallafre\/wp-content\/uploads\/usu105\/2019\/04\/55535176_2219870478080231_9110698680855298048_n.jpg 960w, https:\/\/agora.xtec.cat\/iesmallafre\/wp-content\/uploads\/usu105\/2019\/04\/55535176_2219870478080231_9110698680855298048_n-300x225.jpg 300w, https:\/\/agora.xtec.cat\/iesmallafre\/wp-content\/uploads\/usu105\/2019\/04\/55535176_2219870478080231_9110698680855298048_n-768x576.jpg 768w, https:\/\/agora.xtec.cat\/iesmallafre\/wp-content\/uploads\/usu105\/2019\/04\/55535176_2219870478080231_9110698680855298048_n-200x150.jpg 200w\" sizes=\"auto, (max-width: 960px) 100vw, 960px\" \/><\/a> <a href=\"https:\/\/agora.xtec.cat\/iesmallafre\/wp-content\/uploads\/usu105\/2019\/04\/53921495_2219870528080226_6232657489695866880_n.jpg\"><img loading=\"lazy\" decoding=\"async\" class=\"aligncenter size-large wp-image-1859\" src=\"https:\/\/agora.xtec.cat\/iesmallafre\/wp-content\/uploads\/usu105\/2019\/04\/53921495_2219870528080226_6232657489695866880_n.jpg\" alt=\"\" width=\"694\" height=\"366\" srcset=\"https:\/\/agora.xtec.cat\/iesmallafre\/wp-content\/uploads\/usu105\/2019\/04\/53921495_2219870528080226_6232657489695866880_n.jpg 694w, https:\/\/agora.xtec.cat\/iesmallafre\/wp-content\/uploads\/usu105\/2019\/04\/53921495_2219870528080226_6232657489695866880_n-300x158.jpg 300w\" sizes=\"auto, (max-width: 694px) 100vw, 694px\" \/><\/a><\/p>\n","protected":false},"excerpt":{"rendered":"<p>Avui hem marxat cap a Perpiny\u00e0, on estarem una setmana d\u2019intercanvi amb el Lyc\u00e9e Aristides Maillol. Els alumnes de 4rt d\u2019ESO i 1r de Batxillerat han visitat avui, de cam\u00ed, la coutat de Narbona, on han fet una visita guiada en qu\u00e8 han pogut apreciar&hellip;  <a href=\"https:\/\/agora.xtec.cat\/iesmallafre\/general\/intercanvi-amb-perpinya-4t-deso-i-1r-batx\/\" title=\"Read Intercanvi amb Perpiny\u00e0 4t d&#8217;ESO i 1r BATX\">Llegeix m\u00e9s\u00bb<\/a><\/p>\n","protected":false},"author":6,"featured_media":1858,"comment_status":"closed","ping_status":"closed","sticky":false,"template":"","format":"standard","meta":{"_bbp_topic_count":0,"_bbp_reply_count":0,"_bbp_total_topic_count":0,"_bbp_total_reply_count":0,"_bbp_voice_count":0,"_bbp_anonymous_reply_count":0,"_bbp_topic_count_hidden":0,"_bbp_reply_count_hidden":0,"_bbp_forum_subforum_count":0,"footnotes":""},"categories":[31,8,7,1,29],"tags":[105,102,177],"class_list":["post-1856","post","type-post","status-publish","format-standard","has-post-thumbnail","hentry","category-ampa","category-batxillerat","category-eso-4","category-general","category-portada","tag-4teso","tag-batxillerat","tag-intercanvi"],"post_mailing_queue_ids":[],"_links":{"self":[{"href":"https:\/\/agora.xtec.cat\/iesmallafre\/wp-json\/wp\/v2\/posts\/1856","targetHints":{"allow":["GET"]}}],"collection":[{"href":"https:\/\/agora.xtec.cat\/iesmallafre\/wp-json\/wp\/v2\/posts"}],"about":[{"href":"https:\/\/agora.xtec.cat\/iesmallafre\/wp-json\/wp\/v2\/types\/post"}],"author":[{"embeddable":true,"href":"https:\/\/agora.xtec.cat\/iesmallafre\/wp-json\/wp\/v2\/users\/6"}],"replies":[{"embeddable":true,"href":"https:\/\/agora.xtec.cat\/iesmallafre\/wp-json\/wp\/v2\/comments?post=1856"}],"version-history":[{"count":1,"href":"https:\/\/agora.xtec.cat\/iesmallafre\/wp-json\/wp\/v2\/posts\/1856\/revisions"}],"predecessor-version":[{"id":1860,"href":"https:\/\/agora.xtec.cat\/iesmallafre\/wp-json\/wp\/v2\/posts\/1856\/revisions\/1860"}],"wp:featuredmedia":[{"embeddable":true,"href":"https:\/\/agora.xtec.cat\/iesmallafre\/wp-json\/wp\/v2\/media\/1858"}],"wp:attachment":[{"href":"https:\/\/agora.xtec.cat\/iesmallafre\/wp-json\/wp\/v2\/media?parent=1856"}],"wp:term":[{"taxonomy":"category","embeddable":true,"href":"https:\/\/agora.xtec.cat\/iesmallafre\/wp-json\/wp\/v2\/categories?post=1856"},{"taxonomy":"post_tag","embeddable":true,"href":"https:\/\/agora.xtec.cat\/iesmallafre\/wp-json\/wp\/v2\/tags?post=1856"}],"curies":[{"name":"wp","href":"https:\/\/api.w.org\/{rel}","templated":true}]}}