{"id":1846,"date":"2019-03-21T13:00:08","date_gmt":"2019-03-21T12:00:08","guid":{"rendered":"http:\/\/agora.xtec.cat\/iesmallafre\/?p=1846"},"modified":"2019-04-09T13:02:53","modified_gmt":"2019-04-09T11:02:53","slug":"premis-sant-jordi-2019","status":"publish","type":"post","link":"https:\/\/agora.xtec.cat\/iesmallafre\/general\/premis-sant-jordi-2019\/","title":{"rendered":"Premis sant jordi 2019"},"content":{"rendered":"<p><a href=\"https:\/\/agora.xtec.cat\/iesmallafre\/wp-content\/uploads\/usu105\/2019\/04\/55752315_2218652014868744_1532036592787521536_n.jpg\"><img loading=\"lazy\" decoding=\"async\" class=\"aligncenter size-full wp-image-1847\" src=\"https:\/\/agora.xtec.cat\/iesmallafre\/wp-content\/uploads\/usu105\/2019\/04\/55752315_2218652014868744_1532036592787521536_n.jpg\" alt=\"\" width=\"960\" height=\"597\" srcset=\"https:\/\/agora.xtec.cat\/iesmallafre\/wp-content\/uploads\/usu105\/2019\/04\/55752315_2218652014868744_1532036592787521536_n.jpg 960w, https:\/\/agora.xtec.cat\/iesmallafre\/wp-content\/uploads\/usu105\/2019\/04\/55752315_2218652014868744_1532036592787521536_n-300x187.jpg 300w, https:\/\/agora.xtec.cat\/iesmallafre\/wp-content\/uploads\/usu105\/2019\/04\/55752315_2218652014868744_1532036592787521536_n-768x478.jpg 768w\" sizes=\"auto, (max-width: 960px) 100vw, 960px\" \/><\/a><\/p>\n<p>Amb motiu de la Diada de Sant Jordi el proper 23 d&#8217;abril, l&#8217;Institut Dolors Mallafr\u00e8 presenta un any m\u00e9s la convocat\u00f2ria dels Premis Sant Jordi 2019 dins les modalitats que es detallaran tot seguit, i que s\u2019adrecen a tot l&#8217;alumnat del centre.<\/p>\n<p>At\u00e8s el car\u00e0cter eminentment cultural d&#8217;aquesta data i donat que la diada de Sant Jordi representa, a m\u00e9s d&#8217;un acte cultural, una celebraci\u00f3 de la conviv\u00e8ncia, l&#8217;Institut convida a la col\u00b7laboraci\u00f3 i cooperaci\u00f3 de tots els membres de la comunitat escolar. Tot l&#8217;alumnat del centre resta convidat a participar en les modalitats de concurs proposades per tal de vestir de festa el nostre Institut.<\/p>\n<p>Les modalitats a concurs s\u00f3n:<\/p>\n<p>1. CONCURS LITERARI SANT JORDI 2019<br \/>\nLLENGUA CATALANA I LLENGUA CASTELLANA<br \/>\nBASES:<br \/>\nEl Departament de Lleng\u00fces de l\u2019Institut Dolors Mallafr\u00e8 i Ros convoca com cada any el tradicional concurs literari amb motiu de la Diada de Sant Jordi. Pot participar-hi tot l\u2019alumnat del centre.<br \/>\nHi haur\u00e0 dues categories: relat i poesia en llengua catalana i relat i poesia en llengua castellana. Cada categoria es dividir\u00e0 en cinc nivells diferents:<br \/>\n1r. d\u2019ESO<br \/>\n2n. d\u2019ESO<br \/>\n3r. d\u2019ESO<br \/>\n4t. d\u2019ESO<br \/>\nBatxillerat.<br \/>\nEls originals hauran de ser lliurats a qualsevol professor\/-a de Llengua de qualsevol nivell. Tant en el cas dels relats com en els poemes, els textos no podran excedir els tres cares de full d\u2019extensi\u00f3.<br \/>\nEls treballs hauran de lliurar-se dins un sobre on consti la categoria i el nivell (1r. ESO, 2n. BAT, etc.) i la llengua utilitzada (catal\u00e0 o castell\u00e0). Al sobre tamb\u00e9 s\u2019hi far\u00e0 constar un pseud\u00f2nim o nom art\u00edstic. Dins d\u2019aquest sobre gran es posar\u00e0 un sobre petit on constaran les dades reals de l\u2019alumne (nom i cognoms).<\/p>\n<p>Els originals hauran d\u2019estar escrits amb ordinador, i amb una lletra de la mida 11-12 (Times New Roman, Arial, Calibri o similars) i un interlineat 1\u201915\/1\u201950.<\/p>\n<p>El jurat es reserva el dret a declarar desert el premi de qualsevol de les categories ofertes en aquest concurs, sigui per manca de qualitat o per possibles plagis.<\/p>\n<p>Els guardonats rebran un diploma de reconeixement, aix\u00ed com un xec regal atorgat per l\u2019AMPA del centre.<\/p>\n<p>EL termini per rebre els originals degudament ensobrats conclou el dimarts, 9 d\u2019abril, a les 14:30 h.<\/p>\n<p>2. CONCURS DE CREACI\u00d3 MUSICAL.<\/p>\n<p>El departament de m\u00fasica convoca concurs de creaci\u00f3 musical.<\/p>\n<p>Les creacions han d&#8217;estar enregistrades en qualsevol format audible. En el cas de sigui una can\u00e7\u00f3 (lletra i m\u00fasica), s&#8217;haur\u00e0 de presentar la lletra per escrit i una maqueta amb la lletra i m\u00fasica gravada en qualsevol suport. El tema ser\u00e0 lliure.<\/p>\n<p>En aquest concurs participaran tots els alumnes en una mateixa categoria. Presentar el material a qualsevol dels professors de m\u00fasica del centre.<\/p>\n<p>Els guardonats rebran un diploma de reconeixement, aix\u00ed com un xec regal atorgat per l\u2019AMPA del centre.<\/p>\n<p>EL termini per rebre els originals degudament ensobrats conclou el dimarts, 9 d\u2019abril, a les 14:30 h.<\/p>\n<p>3.- CONCURS DE DISSENY DE LA CARPETA<\/p>\n<p>L\u00b4INS Dolors Mallafr\u00e8 convoca un concurs per dissenyar la portada (Din A 4) o b\u00e9 la portada i contraportada (Din A3), d&#8217;una carpeta per l&#8217;institut.<\/p>\n<p>El concurs es obert a tot l&#8217;alumnat del centre, en les categories seg\u00fcents:<\/p>\n<p>PREMI D\u2019ALUMNAT DE 1r Cicle d\u2019ESO. (1r i 2n ESO).<\/p>\n<p>PREMI D\u2019ALUMNAT DE 2n Cicle d\u2019ESO. (3r i 4t ESO).<\/p>\n<p>PREMI D\u2019ALUMNAT DE BATXILLERAT, obert a qualsevol modalitat.<\/p>\n<p>Els treballs hauran de complir les seg\u00fcents BASES:<\/p>\n<p>TEMA: No s&#8217;especifica un tema en concret, per\u00f2 es valorar\u00e0 que de manera expl\u00edcita o b\u00e9 conceptual, el disseny contempli algun aspecte en positiu relacionat amb l&#8217;institut Dolors Mallafr\u00e8.<\/p>\n<p>MIDES: Els formats poden ser :<\/p>\n<p>A4 vertical si es dissenya \u00fanicament la portada<\/p>\n<p>A3 Horitzontal si el disseny considera la portada i la contraportada. Trieu un suport adient al procediment en gramatge i consist\u00e8ncia si cal. Podeu consultar especificacions al moodle de l\u2019institut.<\/p>\n<p>PRESENTACI\u00d3:<\/p>\n<p>S\u2019ha de presentar en format paper.<\/p>\n<p>no s\u2019acceptar\u00e0 la presentaci\u00f3 de cartolines plegades o enrotllades, el treball es lliurar\u00e0 als professors\/es del departament d\u2019arts, amb el nom de l\u2019alumne i el curs en la part posterior del treball.<\/p>\n<p>Es recomana fer la impressi\u00f3 amb un gramatge de qualitat 180 gr\/m aproximadament<\/p>\n<p>T\u00c8CNICA: Podeu triar el procediment o t\u00e8cnica que preferiu: Seques com llapis de dibuix, ceres, etc, o humides com pintura, tintes, aquarel\u00b7les, etc, o mixtes, fotografia, collage&#8230; Sempre tot ben adherit i sec (si hi ha parts encolades o s\u2019empren t\u00e8cniques humides). Tamb\u00e9 t\u00e8cnica digital, cal tenir en compte que la resoluci\u00f3 del disseny digital ha de ser com a m\u00ednim de 300 ppp, per tal d\u2019obtenir una bona impressi\u00f3. L\u2019alumne haur\u00e0 de conservar l\u2019arxiu digital (preferentment amb capes) per tal de lliurar-lo en cas de resultar guanyador.<\/p>\n<p>No hi ha limitaci\u00f3 en relaci\u00f3 al nombre de colors.<\/p>\n<p>Si es dissenya la portada i la contraportada, s\u2019ha de deixar espai a la contraportada per situar el logo i informaci\u00f3 de contacte de l\u2019institut i una breu refer\u00e8ncia biogr\u00e0fica sobre Dolors Mallafr\u00e8. Aquesta informaci\u00f3 es troba al curs de moodle concurs de disseny de la carpeta de l\u2019institut.<\/p>\n<p>LLIURAMENT DELS DISSENYS: Durant la setmana del dll 01 al dv 05 d\u2019abril. Als professors del departament d\u2019Arts. S`ha de posar el nom de l\u2019alumne i el curs a la part del darrera del disseny.<\/p>\n<p>RESOLUCI\u00d3 DEL CONCURS: El professorat del departament d&#8217;arts far\u00e0 una selecci\u00f3 pr\u00e8via entre tots aquells dissenys que s&#8217;hagin presentat i despr\u00e9s es far\u00e0 una votaci\u00f3 final entre els dissenys seleccionats i exposats, en la qual es demanar\u00e0 la participaci\u00f3 de tot l&#8217;institut. El guanyador cedir\u00e0 els drets del seu disseny pel seu \u00fas com part de la imatge corporativa de l\u2019institut i es compromet a fer, si calgu\u00e9s, les modificacions que se li demanin.<\/p>\n<p>EXPOSICI\u00d3: Es far\u00e0 una exposici\u00f3 dels dissenys seleccionats per la seva votaci\u00f3 al voltant de les dates de Sant Jordi.<\/p>\n<p>PREMI: El disseny escollit de cada categoria ser\u00e0 premiat amb un xec regal atorgat per l&#8217;AMPA del centre, a bescanviar en diferents establiments de la vila.<\/p>\n","protected":false},"excerpt":{"rendered":"<p><a href=\"https:\/\/agora.xtec.cat\/iesmallafre\/wp-content\/uploads\/usu105\/2019\/04\/55752315_2218652014868744_1532036592787521536_n.jpg\"><\/a><br \/>\nAmb motiu de la Diada de Sant Jordi el proper 23 d&#8217;abril, l&#8217;Institut Dolors Mallafr\u00e8 presenta un any m\u00e9s la convocat\u00f2ria dels Premis Sant Jordi 2019 dins les modalitats que es detallaran tot seguit, i que s\u2019adrecen a tot l&#8217;alumnat del centre.<br \/>\nAt\u00e8s el car\u00e0cter&hellip;  <a href=\"https:\/\/agora.xtec.cat\/iesmallafre\/general\/premis-sant-jordi-2019\/\" title=\"Read Premis sant jordi 2019\">Llegeix m\u00e9s\u00bb<\/a><\/p>\n","protected":false},"author":6,"featured_media":1847,"comment_status":"closed","ping_status":"closed","sticky":false,"template":"","format":"standard","meta":{"_bbp_topic_count":0,"_bbp_reply_count":0,"_bbp_total_topic_count":0,"_bbp_total_reply_count":0,"_bbp_voice_count":0,"_bbp_anonymous_reply_count":0,"_bbp_topic_count_hidden":0,"_bbp_reply_count_hidden":0,"_bbp_forum_subforum_count":0,"footnotes":""},"categories":[31,8,3,1,29],"tags":[38],"class_list":["post-1846","post","type-post","status-publish","format-standard","has-post-thumbnail","hentry","category-ampa","category-batxillerat","category-eso","category-general","category-portada","tag-sant-jordi"],"post_mailing_queue_ids":[],"_links":{"self":[{"href":"https:\/\/agora.xtec.cat\/iesmallafre\/wp-json\/wp\/v2\/posts\/1846","targetHints":{"allow":["GET"]}}],"collection":[{"href":"https:\/\/agora.xtec.cat\/iesmallafre\/wp-json\/wp\/v2\/posts"}],"about":[{"href":"https:\/\/agora.xtec.cat\/iesmallafre\/wp-json\/wp\/v2\/types\/post"}],"author":[{"embeddable":true,"href":"https:\/\/agora.xtec.cat\/iesmallafre\/wp-json\/wp\/v2\/users\/6"}],"replies":[{"embeddable":true,"href":"https:\/\/agora.xtec.cat\/iesmallafre\/wp-json\/wp\/v2\/comments?post=1846"}],"version-history":[{"count":1,"href":"https:\/\/agora.xtec.cat\/iesmallafre\/wp-json\/wp\/v2\/posts\/1846\/revisions"}],"predecessor-version":[{"id":1848,"href":"https:\/\/agora.xtec.cat\/iesmallafre\/wp-json\/wp\/v2\/posts\/1846\/revisions\/1848"}],"wp:featuredmedia":[{"embeddable":true,"href":"https:\/\/agora.xtec.cat\/iesmallafre\/wp-json\/wp\/v2\/media\/1847"}],"wp:attachment":[{"href":"https:\/\/agora.xtec.cat\/iesmallafre\/wp-json\/wp\/v2\/media?parent=1846"}],"wp:term":[{"taxonomy":"category","embeddable":true,"href":"https:\/\/agora.xtec.cat\/iesmallafre\/wp-json\/wp\/v2\/categories?post=1846"},{"taxonomy":"post_tag","embeddable":true,"href":"https:\/\/agora.xtec.cat\/iesmallafre\/wp-json\/wp\/v2\/tags?post=1846"}],"curies":[{"name":"wp","href":"https:\/\/api.w.org\/{rel}","templated":true}]}}