{"id":1838,"date":"2019-03-21T12:53:53","date_gmt":"2019-03-21T11:53:53","guid":{"rendered":"http:\/\/agora.xtec.cat\/iesmallafre\/?p=1838"},"modified":"2019-04-09T12:58:17","modified_gmt":"2019-04-09T10:58:17","slug":"torneig-descacs-deso-al-mallafre","status":"publish","type":"post","link":"https:\/\/agora.xtec.cat\/iesmallafre\/general\/torneig-descacs-deso-al-mallafre\/","title":{"rendered":"TORNEIG D&#8217;ESCACS D&#8217;ESO AL MALLAFR\u00c8"},"content":{"rendered":"<p style=\"background: white; margin: 4.5pt 0cm .0001pt 0cm;\"><span style=\"font-size: 10.5pt; font-family: 'Helvetica','sans-serif'; color: #1d2129;\">Aquests dies al Mallafr\u00e8 ha comen\u00e7at un torneig d&#8217;escacs d&#8217;ESO que finalitzar\u00e0 el dia de Sant Jordi amb la semifinal i la final.<br \/>\nAqu\u00ed podeu veure a tothom concentrat i pensatiu en les dues primeres rondes. Recordar als participants que la seg\u00fcent ronda dimarts 26 de mar\u00e7.20<\/span><\/p>\n<p><a href=\"https:\/\/agora.xtec.cat\/iesmallafre\/wp-content\/uploads\/usu105\/2019\/03\/55557083_2218012614932684_7864478834333057024_n.jpg\"><img loading=\"lazy\" decoding=\"async\" class=\"aligncenter size-full wp-image-1841\" src=\"https:\/\/agora.xtec.cat\/iesmallafre\/wp-content\/uploads\/usu105\/2019\/03\/55557083_2218012614932684_7864478834333057024_n.jpg\" alt=\"\" width=\"960\" height=\"720\" srcset=\"https:\/\/agora.xtec.cat\/iesmallafre\/wp-content\/uploads\/usu105\/2019\/03\/55557083_2218012614932684_7864478834333057024_n.jpg 960w, https:\/\/agora.xtec.cat\/iesmallafre\/wp-content\/uploads\/usu105\/2019\/03\/55557083_2218012614932684_7864478834333057024_n-300x225.jpg 300w, https:\/\/agora.xtec.cat\/iesmallafre\/wp-content\/uploads\/usu105\/2019\/03\/55557083_2218012614932684_7864478834333057024_n-768x576.jpg 768w, https:\/\/agora.xtec.cat\/iesmallafre\/wp-content\/uploads\/usu105\/2019\/03\/55557083_2218012614932684_7864478834333057024_n-200x150.jpg 200w\" sizes=\"auto, (max-width: 960px) 100vw, 960px\" \/><\/a><\/p>\n","protected":false},"excerpt":{"rendered":"<p>Aquests dies al Mallafr\u00e8 ha comen\u00e7at un torneig d&#8217;escacs d&#8217;ESO que finalitzar\u00e0 el dia de Sant Jordi amb la semifinal i la final.<br \/>\nAqu\u00ed podeu veure a tothom concentrat i pensatiu en les dues primeres rondes. Recordar als participants que la seg\u00fcent ronda dimarts 26 de&hellip;  <a href=\"https:\/\/agora.xtec.cat\/iesmallafre\/general\/torneig-descacs-deso-al-mallafre\/\" title=\"Read TORNEIG D&#8217;ESCACS D&#8217;ESO AL MALLAFR\u00c8\">Llegeix m\u00e9s\u00bb<\/a><\/p>\n","protected":false},"author":6,"featured_media":1841,"comment_status":"closed","ping_status":"closed","sticky":false,"template":"","format":"standard","meta":{"_bbp_topic_count":0,"_bbp_reply_count":0,"_bbp_total_topic_count":0,"_bbp_total_reply_count":0,"_bbp_voice_count":0,"_bbp_anonymous_reply_count":0,"_bbp_topic_count_hidden":0,"_bbp_reply_count_hidden":0,"_bbp_forum_subforum_count":0,"footnotes":""},"categories":[31,3,1,29],"tags":[239,89],"class_list":["post-1838","post","type-post","status-publish","format-standard","has-post-thumbnail","hentry","category-ampa","category-eso","category-general","category-portada","tag-escacs","tag-eso"],"post_mailing_queue_ids":[],"_links":{"self":[{"href":"https:\/\/agora.xtec.cat\/iesmallafre\/wp-json\/wp\/v2\/posts\/1838","targetHints":{"allow":["GET"]}}],"collection":[{"href":"https:\/\/agora.xtec.cat\/iesmallafre\/wp-json\/wp\/v2\/posts"}],"about":[{"href":"https:\/\/agora.xtec.cat\/iesmallafre\/wp-json\/wp\/v2\/types\/post"}],"author":[{"embeddable":true,"href":"https:\/\/agora.xtec.cat\/iesmallafre\/wp-json\/wp\/v2\/users\/6"}],"replies":[{"embeddable":true,"href":"https:\/\/agora.xtec.cat\/iesmallafre\/wp-json\/wp\/v2\/comments?post=1838"}],"version-history":[{"count":2,"href":"https:\/\/agora.xtec.cat\/iesmallafre\/wp-json\/wp\/v2\/posts\/1838\/revisions"}],"predecessor-version":[{"id":1842,"href":"https:\/\/agora.xtec.cat\/iesmallafre\/wp-json\/wp\/v2\/posts\/1838\/revisions\/1842"}],"wp:featuredmedia":[{"embeddable":true,"href":"https:\/\/agora.xtec.cat\/iesmallafre\/wp-json\/wp\/v2\/media\/1841"}],"wp:attachment":[{"href":"https:\/\/agora.xtec.cat\/iesmallafre\/wp-json\/wp\/v2\/media?parent=1838"}],"wp:term":[{"taxonomy":"category","embeddable":true,"href":"https:\/\/agora.xtec.cat\/iesmallafre\/wp-json\/wp\/v2\/categories?post=1838"},{"taxonomy":"post_tag","embeddable":true,"href":"https:\/\/agora.xtec.cat\/iesmallafre\/wp-json\/wp\/v2\/tags?post=1838"}],"curies":[{"name":"wp","href":"https:\/\/api.w.org\/{rel}","templated":true}]}}