{"id":1712,"date":"2019-02-21T19:16:23","date_gmt":"2019-02-21T18:16:23","guid":{"rendered":"http:\/\/agora.xtec.cat\/iesmallafre\/?p=1712"},"modified":"2019-02-24T19:18:43","modified_gmt":"2019-02-24T18:18:43","slug":"visita-al-pavello-de-la-republica","status":"publish","type":"post","link":"https:\/\/agora.xtec.cat\/iesmallafre\/general\/visita-al-pavello-de-la-republica\/","title":{"rendered":"Visita al Pavell\u00f3 de la Rep\u00fablica"},"content":{"rendered":"<p>Els alumnes francesos i els seus professors, acompanyats de M\u00edriam Ojeda, professora de Socials, i de Nat\u00e0lia Izard, professora de franc\u00e8s, han visitat el Pavell\u00f3 de la Rep\u00fablica, dissenyat per Josep Llu\u00eds Sert, constru\u00eft per representar la Rep\u00fablica espanyola a l\u2019Exposici\u00f3 Universal de Par\u00eds el 1937.<br \/>\nHem visitat la Biblioteca del Pavell\u00f3 de la Rep\u00fablica, un dels arxius m\u00e9s importants del m\u00f3n sobre la Segona Rep\u00fablica, la Guerra Civil Espanyola, l&#8217;exili, el franquisme i la transici\u00f3.<br \/>\nTamb\u00e9 hem assistit a una xerrada molt interessant de l\u2019historiador Miquel Izard sobre la dona, els infants, l\u2019ensenyament i la sanitat durant la Rep\u00fablica, i sobre La Retirada<\/p>\n<p><a href=\"https:\/\/agora.xtec.cat\/iesmallafre\/wp-content\/uploads\/usu105\/2019\/02\/52725411_2179564425444170_9094820607668781056_n.jpg\"><img loading=\"lazy\" decoding=\"async\" class=\"aligncenter size-full wp-image-1713\" src=\"https:\/\/agora.xtec.cat\/iesmallafre\/wp-content\/uploads\/usu105\/2019\/02\/52725411_2179564425444170_9094820607668781056_n.jpg\" alt=\"\" width=\"537\" height=\"402\" srcset=\"https:\/\/agora.xtec.cat\/iesmallafre\/wp-content\/uploads\/usu105\/2019\/02\/52725411_2179564425444170_9094820607668781056_n.jpg 537w, https:\/\/agora.xtec.cat\/iesmallafre\/wp-content\/uploads\/usu105\/2019\/02\/52725411_2179564425444170_9094820607668781056_n-300x225.jpg 300w, https:\/\/agora.xtec.cat\/iesmallafre\/wp-content\/uploads\/usu105\/2019\/02\/52725411_2179564425444170_9094820607668781056_n-200x150.jpg 200w\" sizes=\"auto, (max-width: 537px) 100vw, 537px\" \/><\/a> <a href=\"https:\/\/agora.xtec.cat\/iesmallafre\/wp-content\/uploads\/usu105\/2019\/02\/52598384_2179564262110853_8470433316036673536_n.jpg\"><img loading=\"lazy\" decoding=\"async\" class=\"aligncenter size-large wp-image-1714\" src=\"https:\/\/agora.xtec.cat\/iesmallafre\/wp-content\/uploads\/usu105\/2019\/02\/52598384_2179564262110853_8470433316036673536_n.jpg\" alt=\"\" width=\"960\" height=\"720\" srcset=\"https:\/\/agora.xtec.cat\/iesmallafre\/wp-content\/uploads\/usu105\/2019\/02\/52598384_2179564262110853_8470433316036673536_n.jpg 960w, https:\/\/agora.xtec.cat\/iesmallafre\/wp-content\/uploads\/usu105\/2019\/02\/52598384_2179564262110853_8470433316036673536_n-300x225.jpg 300w, https:\/\/agora.xtec.cat\/iesmallafre\/wp-content\/uploads\/usu105\/2019\/02\/52598384_2179564262110853_8470433316036673536_n-768x576.jpg 768w, https:\/\/agora.xtec.cat\/iesmallafre\/wp-content\/uploads\/usu105\/2019\/02\/52598384_2179564262110853_8470433316036673536_n-200x150.jpg 200w\" sizes=\"auto, (max-width: 960px) 100vw, 960px\" \/><\/a> <a href=\"https:\/\/agora.xtec.cat\/iesmallafre\/wp-content\/uploads\/usu105\/2019\/02\/52630269_2179564305444182_2493698483534430208_n.jpg\"><img loading=\"lazy\" decoding=\"async\" class=\"aligncenter size-full wp-image-1715\" src=\"https:\/\/agora.xtec.cat\/iesmallafre\/wp-content\/uploads\/usu105\/2019\/02\/52630269_2179564305444182_2493698483534430208_n.jpg\" alt=\"\" width=\"960\" height=\"720\" srcset=\"https:\/\/agora.xtec.cat\/iesmallafre\/wp-content\/uploads\/usu105\/2019\/02\/52630269_2179564305444182_2493698483534430208_n.jpg 960w, https:\/\/agora.xtec.cat\/iesmallafre\/wp-content\/uploads\/usu105\/2019\/02\/52630269_2179564305444182_2493698483534430208_n-300x225.jpg 300w, https:\/\/agora.xtec.cat\/iesmallafre\/wp-content\/uploads\/usu105\/2019\/02\/52630269_2179564305444182_2493698483534430208_n-768x576.jpg 768w, https:\/\/agora.xtec.cat\/iesmallafre\/wp-content\/uploads\/usu105\/2019\/02\/52630269_2179564305444182_2493698483534430208_n-200x150.jpg 200w\" sizes=\"auto, (max-width: 960px) 100vw, 960px\" \/><\/a> <a href=\"https:\/\/agora.xtec.cat\/iesmallafre\/wp-content\/uploads\/usu105\/2019\/02\/52653265_2179564385444174_3170104533565046784_n.jpg\"><img loading=\"lazy\" decoding=\"async\" class=\"aligncenter size-large wp-image-1716\" src=\"https:\/\/agora.xtec.cat\/iesmallafre\/wp-content\/uploads\/usu105\/2019\/02\/52653265_2179564385444174_3170104533565046784_n.jpg\" alt=\"\" width=\"960\" height=\"720\" srcset=\"https:\/\/agora.xtec.cat\/iesmallafre\/wp-content\/uploads\/usu105\/2019\/02\/52653265_2179564385444174_3170104533565046784_n.jpg 960w, https:\/\/agora.xtec.cat\/iesmallafre\/wp-content\/uploads\/usu105\/2019\/02\/52653265_2179564385444174_3170104533565046784_n-300x225.jpg 300w, https:\/\/agora.xtec.cat\/iesmallafre\/wp-content\/uploads\/usu105\/2019\/02\/52653265_2179564385444174_3170104533565046784_n-768x576.jpg 768w, https:\/\/agora.xtec.cat\/iesmallafre\/wp-content\/uploads\/usu105\/2019\/02\/52653265_2179564385444174_3170104533565046784_n-200x150.jpg 200w\" sizes=\"auto, (max-width: 960px) 100vw, 960px\" \/><\/a><\/p>\n","protected":false},"excerpt":{"rendered":"<p>Els alumnes francesos i els seus professors, acompanyats de M\u00edriam Ojeda, professora de Socials, i de Nat\u00e0lia Izard, professora de franc\u00e8s, han visitat el Pavell\u00f3 de la Rep\u00fablica, dissenyat per Josep Llu\u00eds Sert, constru\u00eft per representar la Rep\u00fablica espanyola a l\u2019Exposici\u00f3 Universal de Par\u00eds el&hellip;  <a href=\"https:\/\/agora.xtec.cat\/iesmallafre\/general\/visita-al-pavello-de-la-republica\/\" title=\"Read Visita al Pavell\u00f3 de la Rep\u00fablica\">Llegeix m\u00e9s\u00bb<\/a><\/p>\n","protected":false},"author":6,"featured_media":1715,"comment_status":"closed","ping_status":"closed","sticky":false,"template":"","format":"standard","meta":{"_bbp_topic_count":0,"_bbp_reply_count":0,"_bbp_total_topic_count":0,"_bbp_total_reply_count":0,"_bbp_voice_count":0,"_bbp_anonymous_reply_count":0,"_bbp_topic_count_hidden":0,"_bbp_reply_count_hidden":0,"_bbp_forum_subforum_count":0,"footnotes":""},"categories":[31,8,3,1,29],"tags":[102,89,39],"class_list":["post-1712","post","type-post","status-publish","format-standard","has-post-thumbnail","hentry","category-ampa","category-batxillerat","category-eso","category-general","category-portada","tag-batxillerat","tag-eso","tag-sortides"],"post_mailing_queue_ids":[],"_links":{"self":[{"href":"https:\/\/agora.xtec.cat\/iesmallafre\/wp-json\/wp\/v2\/posts\/1712","targetHints":{"allow":["GET"]}}],"collection":[{"href":"https:\/\/agora.xtec.cat\/iesmallafre\/wp-json\/wp\/v2\/posts"}],"about":[{"href":"https:\/\/agora.xtec.cat\/iesmallafre\/wp-json\/wp\/v2\/types\/post"}],"author":[{"embeddable":true,"href":"https:\/\/agora.xtec.cat\/iesmallafre\/wp-json\/wp\/v2\/users\/6"}],"replies":[{"embeddable":true,"href":"https:\/\/agora.xtec.cat\/iesmallafre\/wp-json\/wp\/v2\/comments?post=1712"}],"version-history":[{"count":1,"href":"https:\/\/agora.xtec.cat\/iesmallafre\/wp-json\/wp\/v2\/posts\/1712\/revisions"}],"predecessor-version":[{"id":1717,"href":"https:\/\/agora.xtec.cat\/iesmallafre\/wp-json\/wp\/v2\/posts\/1712\/revisions\/1717"}],"wp:featuredmedia":[{"embeddable":true,"href":"https:\/\/agora.xtec.cat\/iesmallafre\/wp-json\/wp\/v2\/media\/1715"}],"wp:attachment":[{"href":"https:\/\/agora.xtec.cat\/iesmallafre\/wp-json\/wp\/v2\/media?parent=1712"}],"wp:term":[{"taxonomy":"category","embeddable":true,"href":"https:\/\/agora.xtec.cat\/iesmallafre\/wp-json\/wp\/v2\/categories?post=1712"},{"taxonomy":"post_tag","embeddable":true,"href":"https:\/\/agora.xtec.cat\/iesmallafre\/wp-json\/wp\/v2\/tags?post=1712"}],"curies":[{"name":"wp","href":"https:\/\/api.w.org\/{rel}","templated":true}]}}