{"id":1709,"date":"2019-02-20T19:14:09","date_gmt":"2019-02-20T18:14:09","guid":{"rendered":"http:\/\/agora.xtec.cat\/iesmallafre\/?p=1709"},"modified":"2019-02-24T19:15:59","modified_gmt":"2019-02-24T18:15:59","slug":"concurs-de-fotografia-matematica-2019","status":"publish","type":"post","link":"https:\/\/agora.xtec.cat\/iesmallafre\/general\/concurs-de-fotografia-matematica-2019\/","title":{"rendered":"Concurs de Fotografia Matem\u00e0tica 2019"},"content":{"rendered":"<p>El departament de matem\u00e0tiques de l\u2019institut Dolors Mallafr\u00e8 i Ros organitza el 3r concurs de fotografia matem\u00e0tica amb l\u2019objectiu de fer veure que les matem\u00e0tiques estan immerses en la realitat que ens envolta.<\/p>\n<p>Les fotografies han de ser fetes pels participants, no es poden fer fotomuntatges i cal que siguin originals. Cada foto haur\u00e0 de dur un t\u00edtol que faci refer\u00e8ncia, d\u2019alguna manera, al contingut matem\u00e0tic de l\u2019obra, amb gr\u00e0cia i originalitat.<\/p>\n<p>Les fotografies s\u2019han d&#8217;enviar per correu electr\u00f2nic a: miquel.fornells@insmallafre.cat<\/p>\n<p>indicant nom, curs i t\u00edtol de la fotografia.<\/p>\n<p>La data l\u00edmit de recepci\u00f3 de fotografies ser\u00e0 el 2 d\u2019abril del 2019.<\/p>\n<p>Premis:<\/p>\n<p>Hi haur\u00e0 premis pels primers classificats de totes les categories<\/p>\n<p>ESO 1r-2n<\/p>\n<p>ESO 3r-4t<\/p>\n<p>BATXILLERAT<\/p>\n<p>Professorat i PAS<\/p>\n<p>i a m\u00e9s es presentaran al concurs general d\u2019ABEAM.<\/p>\n<p>Per m\u00e9s informaci\u00f3 consulteu la p\u00e0gina web:\u00a0<a href=\"http:\/\/fotografiamatematica.cat\/?fbclid=IwAR0d6hCO5vZaZ66AudrkQD6anw2j5TipJD2_augLy6LfgWzaLqSEI2tvCx4\" data-ft=\"{&quot;tn&quot;:&quot;-U&quot;}\" data-lynx-mode=\"async\" data-lynx-uri=\"https:\/\/l.facebook.com\/l.php?u=http%3A%2F%2Ffotografiamatematica.cat%2F%3Ffbclid%3DIwAR0d6hCO5vZaZ66AudrkQD6anw2j5TipJD2_augLy6LfgWzaLqSEI2tvCx4&amp;h=AT30EZAz2DQToarRyKB-XvreFfj-wvm1mBrKPGYOKXXIn0w4u17bLV2dljFikzPEh7on09Fn5AWxu-uHqv6kRETs5yc0j7iLtkk-FlimOfN4eU70GI4as4FNmL_UHDCkX76p1ExL62Qg883xqAVkqC12lJg54Wo5mdP5d-bBU8Cl2BRf6KUHY4F6FcKlQOzNLC09upIWGtEg34p0LbYcyfNyg9AgsO2JGcWkyQx8hBpn_UCb2ScrmoBfbUFd7X1SeSYNR5l-8Nn9AHWf700Z2xO2pPY8fEn9xUXwEiZVta4NIlYpa7BWdP4uweuec64ShJ-42USDAie_8-FnpKgW6hwwyN8dAYWIPZ-6EWWl48ccVDp-kpxUnDhOLshlolBo8KnbUrL1XnHx8a3TjuKycbRd50udImgedRcyT3vGzrBJNJXEjWkAOSxXgQmokZWSjOsk7NFSb0lU5ZTVn7aDhF5GD02aXoKrMV935jZsOa2lPk_2lBNPE4_2b17O3VbcEJmrtEXZY80uRfv4f0DBA8ipegrhnSeHY_CebExIAdIB6oHsdbGawigrAsaeC69X2r1vmXjvRh019GLwSuLfALesb6zOLnx_g1Z_eAYz9B5C36znFSKI4U73JNGeJjWC_0L1\">http:\/\/fotografiamatematica.cat<\/a><\/p>\n<p><a href=\"https:\/\/agora.xtec.cat\/iesmallafre\/wp-content\/uploads\/usu105\/2019\/02\/52599369_2178507188883227_4980352013817610240_n.jpg\"><img loading=\"lazy\" decoding=\"async\" class=\"aligncenter size-full wp-image-1710\" src=\"https:\/\/agora.xtec.cat\/iesmallafre\/wp-content\/uploads\/usu105\/2019\/02\/52599369_2178507188883227_4980352013817610240_n.jpg\" alt=\"\" width=\"632\" height=\"431\" srcset=\"https:\/\/agora.xtec.cat\/iesmallafre\/wp-content\/uploads\/usu105\/2019\/02\/52599369_2178507188883227_4980352013817610240_n.jpg 632w, https:\/\/agora.xtec.cat\/iesmallafre\/wp-content\/uploads\/usu105\/2019\/02\/52599369_2178507188883227_4980352013817610240_n-300x205.jpg 300w\" sizes=\"auto, (max-width: 632px) 100vw, 632px\" \/><\/a><\/p>\n","protected":false},"excerpt":{"rendered":"<p>El departament de matem\u00e0tiques de l\u2019institut Dolors Mallafr\u00e8 i Ros organitza el 3r concurs de fotografia matem\u00e0tica amb l\u2019objectiu de fer veure que les matem\u00e0tiques estan immerses en la realitat que ens envolta.<br \/>\nLes fotografies han de ser fetes pels participants, no es poden fer fotomuntatges&hellip;  <a href=\"https:\/\/agora.xtec.cat\/iesmallafre\/general\/concurs-de-fotografia-matematica-2019\/\" title=\"Read Concurs de Fotografia Matem\u00e0tica 2019\">Llegeix m\u00e9s\u00bb<\/a><\/p>\n","protected":false},"author":6,"featured_media":1710,"comment_status":"closed","ping_status":"closed","sticky":false,"template":"","format":"standard","meta":{"_bbp_topic_count":0,"_bbp_reply_count":0,"_bbp_total_topic_count":0,"_bbp_total_reply_count":0,"_bbp_voice_count":0,"_bbp_anonymous_reply_count":0,"_bbp_topic_count_hidden":0,"_bbp_reply_count_hidden":0,"_bbp_forum_subforum_count":0,"footnotes":""},"categories":[31,8,3,1,29],"tags":[97],"class_list":["post-1709","post","type-post","status-publish","format-standard","has-post-thumbnail","hentry","category-ampa","category-batxillerat","category-eso","category-general","category-portada","tag-concursos"],"post_mailing_queue_ids":[],"_links":{"self":[{"href":"https:\/\/agora.xtec.cat\/iesmallafre\/wp-json\/wp\/v2\/posts\/1709","targetHints":{"allow":["GET"]}}],"collection":[{"href":"https:\/\/agora.xtec.cat\/iesmallafre\/wp-json\/wp\/v2\/posts"}],"about":[{"href":"https:\/\/agora.xtec.cat\/iesmallafre\/wp-json\/wp\/v2\/types\/post"}],"author":[{"embeddable":true,"href":"https:\/\/agora.xtec.cat\/iesmallafre\/wp-json\/wp\/v2\/users\/6"}],"replies":[{"embeddable":true,"href":"https:\/\/agora.xtec.cat\/iesmallafre\/wp-json\/wp\/v2\/comments?post=1709"}],"version-history":[{"count":1,"href":"https:\/\/agora.xtec.cat\/iesmallafre\/wp-json\/wp\/v2\/posts\/1709\/revisions"}],"predecessor-version":[{"id":1711,"href":"https:\/\/agora.xtec.cat\/iesmallafre\/wp-json\/wp\/v2\/posts\/1709\/revisions\/1711"}],"wp:featuredmedia":[{"embeddable":true,"href":"https:\/\/agora.xtec.cat\/iesmallafre\/wp-json\/wp\/v2\/media\/1710"}],"wp:attachment":[{"href":"https:\/\/agora.xtec.cat\/iesmallafre\/wp-json\/wp\/v2\/media?parent=1709"}],"wp:term":[{"taxonomy":"category","embeddable":true,"href":"https:\/\/agora.xtec.cat\/iesmallafre\/wp-json\/wp\/v2\/categories?post=1709"},{"taxonomy":"post_tag","embeddable":true,"href":"https:\/\/agora.xtec.cat\/iesmallafre\/wp-json\/wp\/v2\/tags?post=1709"}],"curies":[{"name":"wp","href":"https:\/\/api.w.org\/{rel}","templated":true}]}}