{"id":1707,"date":"2019-02-19T19:11:24","date_gmt":"2019-02-19T18:11:24","guid":{"rendered":"http:\/\/agora.xtec.cat\/iesmallafre\/?p=1707"},"modified":"2019-02-24T19:25:15","modified_gmt":"2019-02-24T18:25:15","slug":"tots-dansen-2019","status":"publish","type":"post","link":"https:\/\/agora.xtec.cat\/iesmallafre\/general\/tots-dansen-2019\/","title":{"rendered":"TOTS DANSEN 2019"},"content":{"rendered":"<p style=\"background: white; margin: 0cm 0cm 4.5pt 0cm;\"><span style=\"font-size: 10.5pt; font-family: 'Helvetica','sans-serif'; color: #1d2129;\">Aquest \u00e9s el video resum de l&#8217;espectacle TOTS DANSEN 2018. Aquest any els alumnes del Mallafr\u00e8 de 1r de batxillerat d&#8217;Arts Esc\u00e8niques juntament amb els companys del Cabanyes i el Baixamar, ja hem comen\u00e7at el nou projecte de dansa contempor\u00e0nia, que podreu veure al Teatre Principal de Vilanova els dies 22, 23 i 24 de maig.<\/span><\/p>\n<p>https:\/\/www.facebook.com\/142891655778134\/videos\/2500537516644405\/<\/p>\n<p>M\u00e9s informaci\u00f3:\u00a0<a href=\"http:\/\/www.elprincipal.cat\/948\/2\/dansa\/tots-dansen\/\">http:\/\/www.elprincipal.cat\/948\/2\/dansa\/tots-dansen\/<\/a><\/p>\n<p>&nbsp;<\/p>\n","protected":false},"excerpt":{"rendered":"<p>Aquest \u00e9s el video resum de l&#8217;espectacle TOTS DANSEN 2018. Aquest any els alumnes del Mallafr\u00e8 de 1r de batxillerat d&#8217;Arts Esc\u00e8niques juntament amb els companys del Cabanyes i el Baixamar, ja hem comen\u00e7at el nou projecte de dansa contempor\u00e0nia, que podreu veure al Teatre&hellip;  <a href=\"https:\/\/agora.xtec.cat\/iesmallafre\/general\/tots-dansen-2019\/\" title=\"Read TOTS DANSEN 2019\">Llegeix m\u00e9s\u00bb<\/a><\/p>\n","protected":false},"author":6,"featured_media":0,"comment_status":"open","ping_status":"closed","sticky":false,"template":"","format":"standard","meta":{"_bbp_topic_count":0,"_bbp_reply_count":0,"_bbp_total_topic_count":0,"_bbp_total_reply_count":0,"_bbp_voice_count":0,"_bbp_anonymous_reply_count":0,"_bbp_topic_count_hidden":0,"_bbp_reply_count_hidden":0,"_bbp_forum_subforum_count":0,"footnotes":""},"categories":[31,8,1,29],"tags":[196],"class_list":["post-1707","post","type-post","status-publish","format-standard","hentry","category-ampa","category-batxillerat","category-general","category-portada","tag-totsdansen"],"post_mailing_queue_ids":[],"_links":{"self":[{"href":"https:\/\/agora.xtec.cat\/iesmallafre\/wp-json\/wp\/v2\/posts\/1707","targetHints":{"allow":["GET"]}}],"collection":[{"href":"https:\/\/agora.xtec.cat\/iesmallafre\/wp-json\/wp\/v2\/posts"}],"about":[{"href":"https:\/\/agora.xtec.cat\/iesmallafre\/wp-json\/wp\/v2\/types\/post"}],"author":[{"embeddable":true,"href":"https:\/\/agora.xtec.cat\/iesmallafre\/wp-json\/wp\/v2\/users\/6"}],"replies":[{"embeddable":true,"href":"https:\/\/agora.xtec.cat\/iesmallafre\/wp-json\/wp\/v2\/comments?post=1707"}],"version-history":[{"count":3,"href":"https:\/\/agora.xtec.cat\/iesmallafre\/wp-json\/wp\/v2\/posts\/1707\/revisions"}],"predecessor-version":[{"id":1721,"href":"https:\/\/agora.xtec.cat\/iesmallafre\/wp-json\/wp\/v2\/posts\/1707\/revisions\/1721"}],"wp:attachment":[{"href":"https:\/\/agora.xtec.cat\/iesmallafre\/wp-json\/wp\/v2\/media?parent=1707"}],"wp:term":[{"taxonomy":"category","embeddable":true,"href":"https:\/\/agora.xtec.cat\/iesmallafre\/wp-json\/wp\/v2\/categories?post=1707"},{"taxonomy":"post_tag","embeddable":true,"href":"https:\/\/agora.xtec.cat\/iesmallafre\/wp-json\/wp\/v2\/tags?post=1707"}],"curies":[{"name":"wp","href":"https:\/\/api.w.org\/{rel}","templated":true}]}}