{"id":17026,"date":"2020-05-17T23:52:59","date_gmt":"2020-05-17T21:52:59","guid":{"rendered":"https:\/\/agora.xtec.cat\/iesmallafre\/?p=17026"},"modified":"2020-05-25T08:12:53","modified_gmt":"2020-05-25T06:12:53","slug":"viu-el-mallafre","status":"publish","type":"post","link":"https:\/\/agora.xtec.cat\/iesmallafre\/batxillerat\/viu-el-mallafre\/","title":{"rendered":"VIU EL MALLAFR\u00c8"},"content":{"rendered":"<div class=\"adn ads\" data-message-id=\"#msg-f:1667640446348864440\" data-legacy-message-id=\"1724a62681b2abb8\">\n<div class=\"gs\">\n<div class=\"\">\n<div id=\":l7\" class=\"ii gt\">\n<h5 id=\":l6\" class=\"a3s aXjCH \"><span style=\"color: #000000;\">Us presentem un projecte d&#8217;Arts Esc\u00e8niques que haur\u00edem d&#8217;haver dut a terme presencialment durant el 3r trimestre: l&#8217;enregistrament d&#8217;aquesta can\u00e7\u00f3 que van composar els alumnes de 2n de batxillerat d&#8217;Arts Esc\u00e8niques. Com que no vol\u00edem renunciar-hi vam arriscar-nos a fer-ho durant el confinament amb totes les dificultats que aix\u00f2 comporta i aquest \u00e9s el resultat!<img decoding=\"async\" class=\"CToWUd\" src=\"https:\/\/mail.google.com\/mail\/e\/1f44f\" alt=\"?\" data-goomoji=\"1f44f\" data-image-whitelisted=\"\" \/><img decoding=\"async\" class=\"CToWUd\" src=\"https:\/\/mail.google.com\/mail\/e\/1f44f\" alt=\"?\" data-goomoji=\"1f44f\" data-image-whitelisted=\"\" \/><img decoding=\"async\" class=\"CToWUd\" src=\"https:\/\/mail.google.com\/mail\/e\/1f44f\" alt=\"?\" data-goomoji=\"1f44f\" data-image-whitelisted=\"\" \/>\u00a0M\u00fasica i arranjaments, lletra, enregistrament i edici\u00f3 feta pels mateixos alumnes en la dist\u00e0ncia&#8230; <\/span><\/h5>\n<h5><\/h5>\n<h5 class=\"a3s aXjCH \"><span style=\"color: #000000;\">Esperem que us agradi!!!<\/span><\/h5>\n<div class=\"yj6qo\"><\/div>\n<div class=\"adL\">\n<p>&nbsp;<\/p>\n<div style=\"width: 720px;\" class=\"wp-video\"><!--[if lt IE 9]><script>document.createElement('video');<\/script><![endif]-->\n<video class=\"wp-video-shortcode\" id=\"video-17026-1\" width=\"720\" height=\"576\" preload=\"metadata\" controls=\"controls\"><source type=\"video\/mp4\" src=\"https:\/\/agora.xtec.cat\/iesmallafre\/wp-content\/uploads\/usu105\/2020\/05\/VIDEO-2020-05-25-00-36-49.mp4?_=1\" \/><a href=\"https:\/\/agora.xtec.cat\/iesmallafre\/wp-content\/uploads\/usu105\/2020\/05\/VIDEO-2020-05-25-00-36-49.mp4\">https:\/\/agora.xtec.cat\/iesmallafre\/wp-content\/uploads\/usu105\/2020\/05\/VIDEO-2020-05-25-00-36-49.mp4<\/a><\/video><\/div>\n<\/div>\n<\/div>\n<div class=\"hi\"><\/div>\n<\/div>\n<\/div>\n<\/div>\n","protected":false},"excerpt":{"rendered":"<p>Us presentem un projecte d&#8217;Arts Esc\u00e8niques que haur\u00edem d&#8217;haver dut a terme presencialment durant el 3r trimestre: l&#8217;enregistrament d&#8217;aquesta can\u00e7\u00f3 que van composar els alumnes de 2n de batxillerat d&#8217;Arts Esc\u00e8niques. Com que no vol\u00edem renunciar-hi vam arriscar-nos a fer-ho durant el confinament amb totes&hellip;  <a href=\"https:\/\/agora.xtec.cat\/iesmallafre\/batxillerat\/viu-el-mallafre\/\" title=\"Read VIU EL MALLAFR\u00c8\">Llegeix m\u00e9s\u00bb<\/a><\/p>\n","protected":false},"author":14,"featured_media":0,"comment_status":"closed","ping_status":"closed","sticky":false,"template":"","format":"standard","meta":{"_bbp_topic_count":0,"_bbp_reply_count":0,"_bbp_total_topic_count":0,"_bbp_total_reply_count":0,"_bbp_voice_count":0,"_bbp_anonymous_reply_count":0,"_bbp_topic_count_hidden":0,"_bbp_reply_count_hidden":0,"_bbp_forum_subforum_count":0,"footnotes":""},"categories":[8,29],"tags":[],"class_list":["post-17026","post","type-post","status-publish","format-standard","hentry","category-batxillerat","category-portada"],"post_mailing_queue_ids":[],"_links":{"self":[{"href":"https:\/\/agora.xtec.cat\/iesmallafre\/wp-json\/wp\/v2\/posts\/17026","targetHints":{"allow":["GET"]}}],"collection":[{"href":"https:\/\/agora.xtec.cat\/iesmallafre\/wp-json\/wp\/v2\/posts"}],"about":[{"href":"https:\/\/agora.xtec.cat\/iesmallafre\/wp-json\/wp\/v2\/types\/post"}],"author":[{"embeddable":true,"href":"https:\/\/agora.xtec.cat\/iesmallafre\/wp-json\/wp\/v2\/users\/14"}],"replies":[{"embeddable":true,"href":"https:\/\/agora.xtec.cat\/iesmallafre\/wp-json\/wp\/v2\/comments?post=17026"}],"version-history":[{"count":3,"href":"https:\/\/agora.xtec.cat\/iesmallafre\/wp-json\/wp\/v2\/posts\/17026\/revisions"}],"predecessor-version":[{"id":17034,"href":"https:\/\/agora.xtec.cat\/iesmallafre\/wp-json\/wp\/v2\/posts\/17026\/revisions\/17034"}],"wp:attachment":[{"href":"https:\/\/agora.xtec.cat\/iesmallafre\/wp-json\/wp\/v2\/media?parent=17026"}],"wp:term":[{"taxonomy":"category","embeddable":true,"href":"https:\/\/agora.xtec.cat\/iesmallafre\/wp-json\/wp\/v2\/categories?post=17026"},{"taxonomy":"post_tag","embeddable":true,"href":"https:\/\/agora.xtec.cat\/iesmallafre\/wp-json\/wp\/v2\/tags?post=17026"}],"curies":[{"name":"wp","href":"https:\/\/api.w.org\/{rel}","templated":true}]}}