{"id":16832,"date":"2020-04-21T01:03:49","date_gmt":"2020-04-20T23:03:49","guid":{"rendered":"https:\/\/agora.xtec.cat\/iesmallafre\/?p=16832"},"modified":"2020-04-29T01:07:20","modified_gmt":"2020-04-28T23:07:20","slug":"activitats-culturals-de-sant-jordi","status":"publish","type":"post","link":"https:\/\/agora.xtec.cat\/iesmallafre\/portada\/activitats-culturals-de-sant-jordi\/","title":{"rendered":"ACTIVITATS CULTURALS DE SANT JORDI"},"content":{"rendered":"<div id=\"js_5ux\" class=\"_5pbx userContent _3576\" data-testid=\"post_message\" data-ft=\"{&quot;tn&quot;:&quot;K&quot;}\">\n<div id=\"id_5ea8b5fe7f8322b42481796\" class=\"text_exposed_root text_exposed\">\n<p><a class=\"_58cn\" href=\"https:\/\/www.facebook.com\/hashtag\/mallafresantjordiacasa?source=feed_text&amp;epa=HASHTAG&amp;__xts__%5B0%5D=68.ARAq7jbLVnq-QjoDz65LaB5pfW50ZubR-73JNL1ilKr0xrI9mHvxXZd661VEMX8RaV_bTUzqvBhhuyy0PElRp1tRiP4sM0JoMcQF-BysoMizBlA9o6FGm5gnVzLXbxQAx53gaetPRPGtRWBcrDBaSSUqIn9LMbysQd495hYvtBklm0DQltRXJLx1MK-KqmEVroX5wyuAJlytrW9YMOVY_M2mVts-OtZFixg1Gm3WhLZB2BBG-wzpXiEiQ1EeIh6UAojj3xVCczyKd1lLK-hlDIb1o6-cqJzC0762vrXjTtl46kf4hPdgqk68d5xv5vbC51Ysj88e2gRuRCA-9E52V69VgQ&amp;__tn__=%2ANK-R\" data-ft=\"{&quot;type&quot;:104,&quot;tn&quot;:&quot;*N&quot;}\"><span class=\"_5afx\"><span class=\"_58cl _5afz\" aria-label=\"etiqueta\">#<\/span><span class=\"_58cm\">MallafreSantJordiACasa<\/span><\/span><\/a><br \/>\nBon dia,<br \/>\nDes d&#8217; avui fins el 30 d&#8217;abril, celebrem els actes de Sant Jordi 2020.<br \/>\nM\u00e9s d&#8217;una setmana d&#8217;activitats culturals que compartirem amb vosaltres. Podeu enviar-nos fotos i v\u00eddeos si voleu que les publiquem a les xarxes.<span class=\"text_exposed_show\"><br \/>\nA m\u00e9s, el dijous d\u00eda 23, la Diada de Sant Jordi, farem un directe desde les 12,30 a les 13,30 al nostre Instagram. Us convidem a participar-hi en directe, llegint algun poema, mini-relat, etc. Us deixem l\u2019enlla\u00e7 per si voleu mirar\/escoltar:<br \/>\n<a href=\"https:\/\/l.facebook.com\/l.php?u=https%3A%2F%2Fwww.instagram.com%2Finsmallafre%2F%3Ffbclid%3DIwAR2X3GwilgwPuaODLtiXoZOYSS3A7tBFr_My63CEFsKUu52g1w-RQTbY720&amp;h=AT2F0wUxnW4Xf_1WqIIkMfxrKtUCw1jg2ElUaxGHDt4LwJhgE1dYM0Zrh-ivGJD2VixxGsIIqJSa3Qz5uFfBFLqo_6YotCihQlhn27vrRlG9Qneh-lWrpQSdoft-BNVYt-hAu-QVkKqeeTWKttACLILOO6Xrwni8hFd4x5FsKa-9aWNccrlIdebg5QQerLxKPuC0kNeDp4DbeZHAmgsuYnOVAAAIXAHXTr4-rPh9KHSouTm4yTKFn5sfUrDFimTgtzIXBQQKEeG6td-VzmKSUhiITUIearj6IVb-oEuDXpD8Nf4cMzLED_dsYCxiMZ5MdOb5DN1nOEWon15G29mSL-yn9oJGe8Xn0HNRhdj45trLFBviW4lM3Dm56EiiqVx_2FB1Gc8CqVbWRSMXTb9Pfptt70rl6oiCgl1DjyrVfFv2PAv3rqiZ_9nrMcswbAc2OwyYNq9Rd5YJ8alP3WjIeZJwV9oCFMpqgrkta5q1i17kHG97vNe-GkvOnE3j6qWnIqVlE4uuzsJKE1uib73CXqcUVMNpOFCvgDXTYtgPkMoHROjAiizBT_jmS_2s0jxf9BSvByTsc1AXpqaOLzEPgrKElNOELNqUbZq3EXKgTsn7V47PcX_mAkw6ISGNpm_b3A\" target=\"_blank\" rel=\"noopener nofollow noreferrer\" data-ft=\"{&quot;tn&quot;:&quot;-U&quot;}\" data-lynx-mode=\"async\">https:\/\/www.instagram.com\/insmallafre\/<\/a><br \/>\n\u00c9s molt senzill participar-hi: quan entreu a l\u2019aplicaci\u00f3 d&#8217;instagram,, si seguiu el compte de l\u2019Institut, ja us sortir\u00e0 a la part superior que est\u00e0 en directe. Si no el seguiu, el podeu buscar.<br \/>\nQuan cliqueu damunt veureu que hi haur\u00e0 la professora i escritora Raquel Casas Agust\u00ed all\u00e0 parlant, i de seguida us apareix un missatge a la vostra pantalla per entrar en directe, si voleu. Si no, us podeu quedar mirant\/escoltant tamb\u00e9.<br \/>\nElla us donar\u00e0 pas i llegiu all\u00f2 que heu triat. No cal que sigui gaire, un competit fragment o un poema que us agradi. Aix\u00f2 \u00e9s 1 minut. I pot ser en la llengua que vulgueu.<br \/>\nAnimeu-vos a participar. Ser\u00e0 un record bonic de lectura compartida.<a href=\"https:\/\/agora.xtec.cat\/iesmallafre\/wp-content\/uploads\/usu105\/2020\/04\/cartell-st-jordi-2020-1.jpg\"><img loading=\"lazy\" decoding=\"async\" class=\"alignnone size-large wp-image-16835\" src=\"https:\/\/agora.xtec.cat\/iesmallafre\/wp-content\/uploads\/usu105\/2020\/04\/cartell-st-jordi-2020-1-1024x1024.jpg\" alt=\"\" width=\"1024\" height=\"1024\" srcset=\"https:\/\/agora.xtec.cat\/iesmallafre\/wp-content\/uploads\/usu105\/2020\/04\/cartell-st-jordi-2020-1-1024x1024.jpg 1024w, https:\/\/agora.xtec.cat\/iesmallafre\/wp-content\/uploads\/usu105\/2020\/04\/cartell-st-jordi-2020-1-150x150.jpg 150w, https:\/\/agora.xtec.cat\/iesmallafre\/wp-content\/uploads\/usu105\/2020\/04\/cartell-st-jordi-2020-1-300x300.jpg 300w, https:\/\/agora.xtec.cat\/iesmallafre\/wp-content\/uploads\/usu105\/2020\/04\/cartell-st-jordi-2020-1-768x768.jpg 768w, https:\/\/agora.xtec.cat\/iesmallafre\/wp-content\/uploads\/usu105\/2020\/04\/cartell-st-jordi-2020-1.jpg 1240w\" sizes=\"auto, (max-width: 1024px) 100vw, 1024px\" \/><\/a><\/span><\/p>\n<\/div>\n<\/div>\n<div class=\"_3x-2\" data-ft=\"{&quot;tn&quot;:&quot;H&quot;}\">\n<div data-ft=\"{&quot;tn&quot;:&quot;H&quot;}\">\n<div class=\"mtm\">\n<div>\n<div class=\"_5cq3 _1ktf\" data-ft=\"{&quot;tn&quot;:&quot;E&quot;}\"><\/div>\n<\/div>\n<\/div>\n<\/div>\n<\/div>\n","protected":false},"excerpt":{"rendered":"<p><a class=\"_58cn\" href=\"https:\/\/www.facebook.com\/hashtag\/mallafresantjordiacasa?source=feed_text&amp;epa=HASHTAG&amp;__xts__%5B0%5D=68.ARAq7jbLVnq-QjoDz65LaB5pfW50ZubR-73JNL1ilKr0xrI9mHvxXZd661VEMX8RaV_bTUzqvBhhuyy0PElRp1tRiP4sM0JoMcQF-BysoMizBlA9o6FGm5gnVzLXbxQAx53gaetPRPGtRWBcrDBaSSUqIn9LMbysQd495hYvtBklm0DQltRXJLx1MK-KqmEVroX5wyuAJlytrW9YMOVY_M2mVts-OtZFixg1Gm3WhLZB2BBG-wzpXiEiQ1EeIh6UAojj3xVCczyKd1lLK-hlDIb1o6-cqJzC0762vrXjTtl46kf4hPdgqk68d5xv5vbC51Ysj88e2gRuRCA-9E52V69VgQ&amp;__tn__=%2ANK-R\" data-ft=\"{&quot;type&quot;:104,&quot;tn&quot;:&quot;*N&quot;}\">#MallafreSantJordiACasa<\/a><br \/>\nBon dia,<br \/>\nDes d&#8217; avui fins el 30 d&#8217;abril, celebrem els actes de Sant Jordi 2020.<br \/>\nM\u00e9s d&#8217;una setmana d&#8217;activitats culturals que compartirem amb vosaltres. Podeu enviar-nos fotos i v\u00eddeos si voleu que les publiquem a les xarxes.<br \/>\nA m\u00e9s, el dijous d\u00eda 23, la&hellip;  <a href=\"https:\/\/agora.xtec.cat\/iesmallafre\/portada\/activitats-culturals-de-sant-jordi\/\" title=\"Read ACTIVITATS CULTURALS DE SANT JORDI\">Llegeix m\u00e9s\u00bb<\/a><\/p>\n","protected":false},"author":14,"featured_media":16766,"comment_status":"closed","ping_status":"closed","sticky":false,"template":"","format":"standard","meta":{"_bbp_topic_count":0,"_bbp_reply_count":0,"_bbp_total_topic_count":0,"_bbp_total_reply_count":0,"_bbp_voice_count":0,"_bbp_anonymous_reply_count":0,"_bbp_topic_count_hidden":0,"_bbp_reply_count_hidden":0,"_bbp_forum_subforum_count":0,"footnotes":""},"categories":[272,29],"tags":[],"class_list":["post-16832","post","type-post","status-publish","format-standard","has-post-thumbnail","hentry","category-sant-jordi","category-portada"],"post_mailing_queue_ids":[],"_links":{"self":[{"href":"https:\/\/agora.xtec.cat\/iesmallafre\/wp-json\/wp\/v2\/posts\/16832","targetHints":{"allow":["GET"]}}],"collection":[{"href":"https:\/\/agora.xtec.cat\/iesmallafre\/wp-json\/wp\/v2\/posts"}],"about":[{"href":"https:\/\/agora.xtec.cat\/iesmallafre\/wp-json\/wp\/v2\/types\/post"}],"author":[{"embeddable":true,"href":"https:\/\/agora.xtec.cat\/iesmallafre\/wp-json\/wp\/v2\/users\/14"}],"replies":[{"embeddable":true,"href":"https:\/\/agora.xtec.cat\/iesmallafre\/wp-json\/wp\/v2\/comments?post=16832"}],"version-history":[{"count":1,"href":"https:\/\/agora.xtec.cat\/iesmallafre\/wp-json\/wp\/v2\/posts\/16832\/revisions"}],"predecessor-version":[{"id":16836,"href":"https:\/\/agora.xtec.cat\/iesmallafre\/wp-json\/wp\/v2\/posts\/16832\/revisions\/16836"}],"wp:featuredmedia":[{"embeddable":true,"href":"https:\/\/agora.xtec.cat\/iesmallafre\/wp-json\/wp\/v2\/media\/16766"}],"wp:attachment":[{"href":"https:\/\/agora.xtec.cat\/iesmallafre\/wp-json\/wp\/v2\/media?parent=16832"}],"wp:term":[{"taxonomy":"category","embeddable":true,"href":"https:\/\/agora.xtec.cat\/iesmallafre\/wp-json\/wp\/v2\/categories?post=16832"},{"taxonomy":"post_tag","embeddable":true,"href":"https:\/\/agora.xtec.cat\/iesmallafre\/wp-json\/wp\/v2\/tags?post=16832"}],"curies":[{"name":"wp","href":"https:\/\/api.w.org\/{rel}","templated":true}]}}