{"id":16793,"date":"2020-04-23T02:09:21","date_gmt":"2020-04-23T00:09:21","guid":{"rendered":"https:\/\/agora.xtec.cat\/iesmallafre\/?p=16793"},"modified":"2020-04-28T23:14:25","modified_gmt":"2020-04-28T21:14:25","slug":"ja-ha-arribat-sant-jordi","status":"publish","type":"post","link":"https:\/\/agora.xtec.cat\/iesmallafre\/portada\/ja-ha-arribat-sant-jordi\/","title":{"rendered":"Ja ha arribat el 23 d&#8217;abril.  Passeu una Bona Diada de Sant Jordi!"},"content":{"rendered":"<p><iframe loading=\"lazy\" src=\"https:\/\/www.facebook.com\/plugins\/video.php?href=https%3A%2F%2Fwww.facebook.com%2F142891655778134%2Fvideos%2F156977182408885%2F&#038;show_text=0&#038;width=560\" width=\"560\" height=\"315\" style=\"border:none;overflow:hidden\" scrolling=\"no\" frameborder=\"0\" allowTransparency=\"true\" allowFullScreen=\"true\"><\/iframe><\/p>\n<p>Gr\u00e0cies als estudiants , fam\u00edlies, professors i personal PAS pels v\u00eddeos que es pot fer arribar,\u00a0 i a la Mireia Gordon que ha fet\u00a0 aquest muntatge.<\/p>\n<p>&nbsp;<\/p>\n","protected":false},"excerpt":{"rendered":"<p>Gr\u00e0cies als estudiants , fam\u00edlies, professors i personal PAS pels v\u00eddeos que es pot fer arribar,\u00a0 i a la Mireia Gordon que ha fet\u00a0 aquest muntatge.<br \/>\n&nbsp;<\/p>\n","protected":false},"author":14,"featured_media":0,"comment_status":"closed","ping_status":"closed","sticky":false,"template":"","format":"standard","meta":{"_bbp_topic_count":0,"_bbp_reply_count":0,"_bbp_total_topic_count":0,"_bbp_total_reply_count":0,"_bbp_voice_count":0,"_bbp_anonymous_reply_count":0,"_bbp_topic_count_hidden":0,"_bbp_reply_count_hidden":0,"_bbp_forum_subforum_count":0,"footnotes":""},"categories":[272,29],"tags":[262,38],"class_list":["post-16793","post","type-post","status-publish","format-standard","hentry","category-sant-jordi","category-portada","tag-mallafre","tag-sant-jordi"],"post_mailing_queue_ids":[],"_links":{"self":[{"href":"https:\/\/agora.xtec.cat\/iesmallafre\/wp-json\/wp\/v2\/posts\/16793","targetHints":{"allow":["GET"]}}],"collection":[{"href":"https:\/\/agora.xtec.cat\/iesmallafre\/wp-json\/wp\/v2\/posts"}],"about":[{"href":"https:\/\/agora.xtec.cat\/iesmallafre\/wp-json\/wp\/v2\/types\/post"}],"author":[{"embeddable":true,"href":"https:\/\/agora.xtec.cat\/iesmallafre\/wp-json\/wp\/v2\/users\/14"}],"replies":[{"embeddable":true,"href":"https:\/\/agora.xtec.cat\/iesmallafre\/wp-json\/wp\/v2\/comments?post=16793"}],"version-history":[{"count":3,"href":"https:\/\/agora.xtec.cat\/iesmallafre\/wp-json\/wp\/v2\/posts\/16793\/revisions"}],"predecessor-version":[{"id":16819,"href":"https:\/\/agora.xtec.cat\/iesmallafre\/wp-json\/wp\/v2\/posts\/16793\/revisions\/16819"}],"wp:attachment":[{"href":"https:\/\/agora.xtec.cat\/iesmallafre\/wp-json\/wp\/v2\/media?parent=16793"}],"wp:term":[{"taxonomy":"category","embeddable":true,"href":"https:\/\/agora.xtec.cat\/iesmallafre\/wp-json\/wp\/v2\/categories?post=16793"},{"taxonomy":"post_tag","embeddable":true,"href":"https:\/\/agora.xtec.cat\/iesmallafre\/wp-json\/wp\/v2\/tags?post=16793"}],"curies":[{"name":"wp","href":"https:\/\/api.w.org\/{rel}","templated":true}]}}