{"id":16743,"date":"2020-04-20T21:35:52","date_gmt":"2020-04-20T19:35:52","guid":{"rendered":"https:\/\/agora.xtec.cat\/iesmallafre\/?p=16743"},"modified":"2020-04-20T21:37:37","modified_gmt":"2020-04-20T19:37:37","slug":"nou-horari-de-classes-per-video-trucada","status":"publish","type":"post","link":"https:\/\/agora.xtec.cat\/iesmallafre\/general\/nou-horari-de-classes-per-video-trucada\/","title":{"rendered":"NOU HORARI DE CLASSES PER V\u00cdDEO TRUCADA."},"content":{"rendered":"<p>Atenci\u00f3!, avui comen\u00e7a el nou horari de classes online amb v\u00eddeo trucades. Estigueu atents als correus de l&#8217;insmallafre.cat.<\/p>\n<p><a class=\"_58cn\" href=\"https:\/\/www.facebook.com\/hashtag\/covid19?source=feed_text&amp;epa=HASHTAG&amp;__xts__%5B0%5D=68.ARCgl_Y2SNPfaYshqSxya2S3FpF7x-ISY2B8qhyvnNYAn2MFI65chqdobOt3fBf4Qjtw87Z8gfP1m2JRngbzizvisvf5FEGsbgxF4IlZ6NPyCV-YvNyoKTPGHcylilq5AegNGFxbG5xVk54wZMGsOnLNxr6hvmlGFcTnvFYLu9cgwdkdseEQaAbBvOMKEwOCHLe5sWaTZyVDXqSCY9jMfUaygi0Db2YHmCEKQCSKq3dZp1B8LgTmtc-PY7ebbkQWy_C9FNjQ9Nu8vpGA9pRf1Sh_2dV7qgAHrGHzJ6I99O_RohaQp9qBh_m6SL_PxoJ7kAwwrUFUOslMybA0H2vUZv2YeA&amp;__tn__=%2ANK-R\" data-ft=\"{&quot;type&quot;:104,&quot;tn&quot;:&quot;*N&quot;}\"><span class=\"_5afx\"><span class=\"_58cl _5afz\" aria-label=\"etiqueta\">#<\/span><span class=\"_58cm\">covid19<\/span><\/span><\/a><span class=\"text_exposed_show\"><br \/>\n<a class=\"_58cn\" href=\"https:\/\/www.facebook.com\/hashtag\/joemquedoacasa?source=feed_text&amp;epa=HASHTAG&amp;__xts__%5B0%5D=68.ARCgl_Y2SNPfaYshqSxya2S3FpF7x-ISY2B8qhyvnNYAn2MFI65chqdobOt3fBf4Qjtw87Z8gfP1m2JRngbzizvisvf5FEGsbgxF4IlZ6NPyCV-YvNyoKTPGHcylilq5AegNGFxbG5xVk54wZMGsOnLNxr6hvmlGFcTnvFYLu9cgwdkdseEQaAbBvOMKEwOCHLe5sWaTZyVDXqSCY9jMfUaygi0Db2YHmCEKQCSKq3dZp1B8LgTmtc-PY7ebbkQWy_C9FNjQ9Nu8vpGA9pRf1Sh_2dV7qgAHrGHzJ6I99O_RohaQp9qBh_m6SL_PxoJ7kAwwrUFUOslMybA0H2vUZv2YeA&amp;__tn__=%2ANK-R\" data-ft=\"{&quot;type&quot;:104,&quot;tn&quot;:&quot;*N&quot;}\"><span class=\"_5afx\"><span class=\"_58cl _5afz\" aria-label=\"etiqueta\">#<\/span><span class=\"_58cm\">joemquedoacasa<\/span><\/span><\/a><\/span><\/p>\n<p><a href=\"https:\/\/agora.xtec.cat\/iesmallafre\/wp-content\/uploads\/usu105\/2020\/04\/93829744_2998950403505564_9202141382150455296_n.jpg\"><img loading=\"lazy\" decoding=\"async\" class=\"alignnone size-full wp-image-16744\" src=\"https:\/\/agora.xtec.cat\/iesmallafre\/wp-content\/uploads\/usu105\/2020\/04\/93829744_2998950403505564_9202141382150455296_n.jpg\" alt=\"\" width=\"960\" height=\"658\" srcset=\"https:\/\/agora.xtec.cat\/iesmallafre\/wp-content\/uploads\/usu105\/2020\/04\/93829744_2998950403505564_9202141382150455296_n.jpg 960w, https:\/\/agora.xtec.cat\/iesmallafre\/wp-content\/uploads\/usu105\/2020\/04\/93829744_2998950403505564_9202141382150455296_n-300x206.jpg 300w, https:\/\/agora.xtec.cat\/iesmallafre\/wp-content\/uploads\/usu105\/2020\/04\/93829744_2998950403505564_9202141382150455296_n-768x526.jpg 768w\" sizes=\"auto, (max-width: 960px) 100vw, 960px\" \/><\/a><\/p>\n","protected":false},"excerpt":{"rendered":"<p>Atenci\u00f3!, avui comen\u00e7a el nou horari de classes online amb v\u00eddeo trucades. Estigueu atents als correus de l&#8217;insmallafre.cat.<br \/>\n<a class=\"_58cn\" href=\"https:\/\/www.facebook.com\/hashtag\/covid19?source=feed_text&amp;epa=HASHTAG&amp;__xts__%5B0%5D=68.ARCgl_Y2SNPfaYshqSxya2S3FpF7x-ISY2B8qhyvnNYAn2MFI65chqdobOt3fBf4Qjtw87Z8gfP1m2JRngbzizvisvf5FEGsbgxF4IlZ6NPyCV-YvNyoKTPGHcylilq5AegNGFxbG5xVk54wZMGsOnLNxr6hvmlGFcTnvFYLu9cgwdkdseEQaAbBvOMKEwOCHLe5sWaTZyVDXqSCY9jMfUaygi0Db2YHmCEKQCSKq3dZp1B8LgTmtc-PY7ebbkQWy_C9FNjQ9Nu8vpGA9pRf1Sh_2dV7qgAHrGHzJ6I99O_RohaQp9qBh_m6SL_PxoJ7kAwwrUFUOslMybA0H2vUZv2YeA&amp;__tn__=%2ANK-R\" data-ft=\"{&quot;type&quot;:104,&quot;tn&quot;:&quot;*N&quot;}\">#covid19<\/a><br \/>\n<a class=\"_58cn\" href=\"https:\/\/www.facebook.com\/hashtag\/joemquedoacasa?source=feed_text&amp;epa=HASHTAG&amp;__xts__%5B0%5D=68.ARCgl_Y2SNPfaYshqSxya2S3FpF7x-ISY2B8qhyvnNYAn2MFI65chqdobOt3fBf4Qjtw87Z8gfP1m2JRngbzizvisvf5FEGsbgxF4IlZ6NPyCV-YvNyoKTPGHcylilq5AegNGFxbG5xVk54wZMGsOnLNxr6hvmlGFcTnvFYLu9cgwdkdseEQaAbBvOMKEwOCHLe5sWaTZyVDXqSCY9jMfUaygi0Db2YHmCEKQCSKq3dZp1B8LgTmtc-PY7ebbkQWy_C9FNjQ9Nu8vpGA9pRf1Sh_2dV7qgAHrGHzJ6I99O_RohaQp9qBh_m6SL_PxoJ7kAwwrUFUOslMybA0H2vUZv2YeA&amp;__tn__=%2ANK-R\" data-ft=\"{&quot;type&quot;:104,&quot;tn&quot;:&quot;*N&quot;}\">#joemquedoacasa<\/a><br \/>\n<a href=\"https:\/\/agora.xtec.cat\/iesmallafre\/wp-content\/uploads\/usu105\/2020\/04\/93829744_2998950403505564_9202141382150455296_n.jpg\"><\/a><\/p>\n","protected":false},"author":14,"featured_media":16744,"comment_status":"closed","ping_status":"closed","sticky":false,"template":"","format":"standard","meta":{"_bbp_topic_count":0,"_bbp_reply_count":0,"_bbp_total_topic_count":0,"_bbp_total_reply_count":0,"_bbp_voice_count":0,"_bbp_anonymous_reply_count":0,"_bbp_topic_count_hidden":0,"_bbp_reply_count_hidden":0,"_bbp_forum_subforum_count":0,"footnotes":""},"categories":[1,29],"tags":[],"class_list":["post-16743","post","type-post","status-publish","format-standard","has-post-thumbnail","hentry","category-general","category-portada"],"post_mailing_queue_ids":[],"_links":{"self":[{"href":"https:\/\/agora.xtec.cat\/iesmallafre\/wp-json\/wp\/v2\/posts\/16743","targetHints":{"allow":["GET"]}}],"collection":[{"href":"https:\/\/agora.xtec.cat\/iesmallafre\/wp-json\/wp\/v2\/posts"}],"about":[{"href":"https:\/\/agora.xtec.cat\/iesmallafre\/wp-json\/wp\/v2\/types\/post"}],"author":[{"embeddable":true,"href":"https:\/\/agora.xtec.cat\/iesmallafre\/wp-json\/wp\/v2\/users\/14"}],"replies":[{"embeddable":true,"href":"https:\/\/agora.xtec.cat\/iesmallafre\/wp-json\/wp\/v2\/comments?post=16743"}],"version-history":[{"count":2,"href":"https:\/\/agora.xtec.cat\/iesmallafre\/wp-json\/wp\/v2\/posts\/16743\/revisions"}],"predecessor-version":[{"id":16746,"href":"https:\/\/agora.xtec.cat\/iesmallafre\/wp-json\/wp\/v2\/posts\/16743\/revisions\/16746"}],"wp:featuredmedia":[{"embeddable":true,"href":"https:\/\/agora.xtec.cat\/iesmallafre\/wp-json\/wp\/v2\/media\/16744"}],"wp:attachment":[{"href":"https:\/\/agora.xtec.cat\/iesmallafre\/wp-json\/wp\/v2\/media?parent=16743"}],"wp:term":[{"taxonomy":"category","embeddable":true,"href":"https:\/\/agora.xtec.cat\/iesmallafre\/wp-json\/wp\/v2\/categories?post=16743"},{"taxonomy":"post_tag","embeddable":true,"href":"https:\/\/agora.xtec.cat\/iesmallafre\/wp-json\/wp\/v2\/tags?post=16743"}],"curies":[{"name":"wp","href":"https:\/\/api.w.org\/{rel}","templated":true}]}}