{"id":16683,"date":"2020-04-14T19:06:45","date_gmt":"2020-04-14T17:06:45","guid":{"rendered":"https:\/\/agora.xtec.cat\/iesmallafre\/?p=16683"},"modified":"2020-04-20T21:38:04","modified_gmt":"2020-04-20T19:38:04","slug":"informacio-sobre-ensenyaments-postobligatoris-i-la-zona-e-2020-virtual","status":"publish","type":"post","link":"https:\/\/agora.xtec.cat\/iesmallafre\/general\/informacio-sobre-ensenyaments-postobligatoris-i-la-zona-e-2020-virtual\/","title":{"rendered":"INFORMACI\u00d3 SOBRE ENSENYAMENTS POSTOBLIGATORIS I LA ZONA E\u00a02020 VIRTUAL"},"content":{"rendered":"<p style=\"font-weight: 400; text-align: center;\"><strong>INFORMACI\u00d3 SOBRE ENSENYAMENTS POSTOBLIGATORIS I LA ZONA E\u00a02020 VIRTUAL<\/strong><\/p>\n<p>Benvolgudes\u00a0fam\u00edlies de 4t d&#8217;ESO,<\/p>\n<p>Us donem informaci\u00f3 sobre el proc\u00e9s d&#8217;orientaci\u00f3 acad\u00e8mica i professional dels vostres fills i filles.\u00a0Recordem que la preinscripci\u00f3\u00a0a Cicles i\u00a0Batxillerat, tr\u00e0mits que depenen del Departament d&#8217;Educaci\u00f3, continuen temporalment suspesos, per tant encara hi ha temps per pensar i decidir qu\u00e8 es vol estudiar el curs vinent.<\/p>\n<p>Aprofitem per informar-vos que la nova p\u00e0gina web ZONA E 2020 ja est\u00e0 activa:\u00a0<a href=\"https:\/\/www.imet.cat\/zona_educacio\" data-saferedirecturl=\"https:\/\/www.google.com\/url?q=https:\/\/www.imet.cat\/zona_educacio&amp;source=gmail&amp;ust=1586966784219000&amp;usg=AFQjCNEM4Dtxhl4MAwOaCxY9eivph7IH6g\">https:\/\/www.imet.cat\/zona_educacio<\/a><\/p>\n<p>Hi trobareu tota l&#8217;oferta educativa postobligat\u00f2ria de la comarques del Garraf i el Pened\u00e8s, organitzada per estudis i per centres. \u00c9s\u00a0important que hi entreu amb els vostres fills\/es, veieu les diferents opcions\u00a0i en parleu,\u00a0per tal d&#8217;acompanyar-los en aquesta presa de decisi\u00f3 que ha de ser seva.<\/p>\n<p>A m\u00e9s, en l\u2019apartat \u201cPunt d&#8217;informaci\u00f3 i Orientaci\u00f3\u201d, els alumnes i qualsevol persona interessada en algun tema educatiu i professional, tenen la possibilitat de plantejar preguntes, dubtes, inquietuds&#8230; que se\u2019ls hi resoldran.<\/p>\n<p>Tenim pendent\u00a0de fer la xerrada amb l&#8217;alumnat i les fam\u00edlies. Estem estudiant la manera de poder fer-la<\/p>\n<p>Us recordem que si alguna\u00a0fam\u00edlia t\u00e9 dubtes concrets us podeu adre\u00e7ar a l&#8217;equip d&#8217;orientaci\u00f3:<\/p>\n<p><a href=\"mailto:anna.serrat@insmallafre.cat\">anna.serrat@insmallafre.cat<\/a>,\u00a0<a href=\"mailto:eulalia.forgas@insmallafre.cat\">eulalia.forgas@insmallafre.cat<\/a>,\u00a0<a href=\"mailto:roser.rodriguez@insmallafre.cat\">roser.rodriguez@insmallafre.cat<\/a><\/p>\n<p>Salutacions cordials,<\/p>\n<p>Anna Serrat, Eul\u00e0lia Forgas i Roser Rodr\u00edguez<\/p>\n<p>Orientaci\u00f3 Educativa<\/p>\n<p>&nbsp;<\/p>\n","protected":false},"excerpt":{"rendered":"<p>INFORMACI\u00d3 SOBRE ENSENYAMENTS POSTOBLIGATORIS I LA ZONA E\u00a02020 VIRTUAL<br \/>\nBenvolgudes\u00a0fam\u00edlies de 4t d&#8217;ESO,<br \/>\nUs donem informaci\u00f3 sobre el proc\u00e9s d&#8217;orientaci\u00f3 acad\u00e8mica i professional dels vostres fills i filles.\u00a0Recordem que la preinscripci\u00f3\u00a0a Cicles i\u00a0Batxillerat, tr\u00e0mits que depenen del Departament d&#8217;Educaci\u00f3, continuen temporalment suspesos, per tant encara hi ha&hellip;  <a href=\"https:\/\/agora.xtec.cat\/iesmallafre\/general\/informacio-sobre-ensenyaments-postobligatoris-i-la-zona-e-2020-virtual\/\" title=\"Read INFORMACI\u00d3 SOBRE ENSENYAMENTS POSTOBLIGATORIS I LA ZONA E\u00a02020 VIRTUAL\">Llegeix m\u00e9s\u00bb<\/a><\/p>\n","protected":false},"author":14,"featured_media":0,"comment_status":"closed","ping_status":"closed","sticky":false,"template":"","format":"standard","meta":{"_bbp_topic_count":0,"_bbp_reply_count":0,"_bbp_total_topic_count":0,"_bbp_total_reply_count":0,"_bbp_voice_count":0,"_bbp_anonymous_reply_count":0,"_bbp_topic_count_hidden":0,"_bbp_reply_count_hidden":0,"_bbp_forum_subforum_count":0,"footnotes":""},"categories":[7,1,29],"tags":[],"class_list":["post-16683","post","type-post","status-publish","format-standard","hentry","category-eso-4","category-general","category-portada"],"post_mailing_queue_ids":[],"_links":{"self":[{"href":"https:\/\/agora.xtec.cat\/iesmallafre\/wp-json\/wp\/v2\/posts\/16683","targetHints":{"allow":["GET"]}}],"collection":[{"href":"https:\/\/agora.xtec.cat\/iesmallafre\/wp-json\/wp\/v2\/posts"}],"about":[{"href":"https:\/\/agora.xtec.cat\/iesmallafre\/wp-json\/wp\/v2\/types\/post"}],"author":[{"embeddable":true,"href":"https:\/\/agora.xtec.cat\/iesmallafre\/wp-json\/wp\/v2\/users\/14"}],"replies":[{"embeddable":true,"href":"https:\/\/agora.xtec.cat\/iesmallafre\/wp-json\/wp\/v2\/comments?post=16683"}],"version-history":[{"count":3,"href":"https:\/\/agora.xtec.cat\/iesmallafre\/wp-json\/wp\/v2\/posts\/16683\/revisions"}],"predecessor-version":[{"id":16695,"href":"https:\/\/agora.xtec.cat\/iesmallafre\/wp-json\/wp\/v2\/posts\/16683\/revisions\/16695"}],"wp:attachment":[{"href":"https:\/\/agora.xtec.cat\/iesmallafre\/wp-json\/wp\/v2\/media?parent=16683"}],"wp:term":[{"taxonomy":"category","embeddable":true,"href":"https:\/\/agora.xtec.cat\/iesmallafre\/wp-json\/wp\/v2\/categories?post=16683"},{"taxonomy":"post_tag","embeddable":true,"href":"https:\/\/agora.xtec.cat\/iesmallafre\/wp-json\/wp\/v2\/tags?post=16683"}],"curies":[{"name":"wp","href":"https:\/\/api.w.org\/{rel}","templated":true}]}}