{"id":16673,"date":"2020-04-14T18:34:48","date_gmt":"2020-04-14T16:34:48","guid":{"rendered":"https:\/\/agora.xtec.cat\/iesmallafre\/?p=16673"},"modified":"2020-04-16T23:34:19","modified_gmt":"2020-04-16T21:34:19","slug":"notes-i-altres-2a-avaluacio","status":"publish","type":"post","link":"https:\/\/agora.xtec.cat\/iesmallafre\/portada\/notes-i-altres-2a-avaluacio\/","title":{"rendered":"Notes i altres 2a avaluaci\u00f3"},"content":{"rendered":"<h5><\/h5>\n<p>&nbsp;<\/p>\n<h5>Benvolgudes fam\u00edlies i resta de la comunitat educativa,<\/h5>\n<h5><\/h5>\n<h5>Us fem arribar unes quantes informacions.<\/h5>\n<h2><\/h2>\n<h4><span style=\"color: #000000;\">COM ACCEDIR A L&#8217;INFORME DE NOTES DE LA 2A AVALUACI\u00d3<\/span><\/h4>\n<h5>Us informem que tal com potser us han avan\u00e7at tutors i tutores, avui divendres lliurarem a les fam\u00edlies un informe provisional amb notes de la segona avaluaci\u00f3. Ho farem a trav\u00e9s d&#8217;Ieduca. Aqu\u00ed\u00a0teniu l&#8217;enlla\u00e7: <a href=\"https:\/\/ieduca.com\/ca\/\">https:\/\/ieduca.com<\/a><\/h5>\n<h5>Ho rebran el pare, la mare o tutors\/es. Els que figuren a l&#8217;aplicaci\u00f3. Estigueu al cas per si els vostres fills\/filles us\u00a0demanen que els ensenyeu les notes, ells potser no les tenen totes. \u00c9s un informe amb notes provisionals. Si no hi podeu accedir podeu enviar un correu a charo.garcia@insmallafre. cat. Nom\u00e9s el divendres 3 i fins a les 8 del vespre. Les reclamacions o canvis i esmenes es faran a partir del 14 d&#8217;abril. Les notes definitives ja les donarem quan es normalitzi l&#8217;activitat acad\u00e8mica a l&#8217;institut.<\/h5>\n<h5><\/h5>\n<h4><span style=\"color: #000000;\">VACANCES DE PASQUA I DEURES<\/span><\/h4>\n<h5>A partir de dem\u00e0 dissabte comencen oficialment les vacances de Pasqua. <b>No tornarem virtualment fins al 14 d&#8217;abril.<\/b><\/h5>\n<h5><\/h5>\n<h4><span style=\"color: #000000;\">L&#8217;AVALUACI\u00d3 DEL TERCER TRIMESTRE<\/span><\/h4>\n<h5>En tornar de vacances de\u00a0Pasqua anirem concretant com farem l&#8217;avaluaci\u00f3 del tercer trimestre. Haurem de veure com ens adaptem a treballar des de casa i amb quins mitjans. Si detecteu problemes amb l&#8217;acc\u00e9s o amb la\u00a0c\u00e0rrega de feina ens ho feu saber a trav\u00e9s del tutor o la tutora o de forma extraordin\u00e0ria amb l&#8217;equip directiu.<\/h5>\n<h5><\/h5>\n<h4><span style=\"color: #000000;\">MITJA DE COMUNICACI\u00d3 AMB EL CENTRE<\/span><\/h4>\n<h5>Us recordem que el mitj\u00e0 de comunicaci\u00f3 amb el centre \u00e9s el correu electr\u00f2nic corporatiu. Tamb\u00e9 publicarem informaci\u00f3 a la p\u00e0gina web i, de forma menys oficial, a Instagram i facebook.<\/h5>\n<h5><\/h5>\n<h4><span style=\"color: #000000;\">AGRA\u00cfMENT<\/span><\/h4>\n<h5>Us agra\u00efm la predisposici\u00f3 a adaptar-vos a aquesta nova situaci\u00f3. Esperem\u00a0sortir-ne aviat i poder retrobar-nos de forma real i no virtual. Cuideu-vos! \/ Cuidem-nos!<\/h5>\n<p>&nbsp;<\/p>\n<h5>#joemquedoacasa<\/h5>\n<h5>#ensveiemalatornada<\/h5>\n<h5><\/h5>\n<h5>Equip directiu<\/h5>\n<h5><b>INS Dolors Mallafr\u00e8 i Ros<\/b><\/h5>\n","protected":false},"excerpt":{"rendered":"<p>&nbsp;<br \/>\nBenvolgudes fam\u00edlies i resta de la comunitat educativa,<\/p>\n<p>Us fem arribar unes quantes informacions.<\/p>\n<p>COM ACCEDIR A L&#8217;INFORME DE NOTES DE LA 2A AVALUACI\u00d3<br \/>\nUs informem que tal com potser us han avan\u00e7at tutors i tutores, avui divendres lliurarem a les fam\u00edlies un informe provisional amb notes de&hellip;  <a href=\"https:\/\/agora.xtec.cat\/iesmallafre\/portada\/notes-i-altres-2a-avaluacio\/\" title=\"Read Notes i altres 2a avaluaci\u00f3\">Llegeix m\u00e9s\u00bb<\/a><\/p>\n","protected":false},"author":14,"featured_media":0,"comment_status":"open","ping_status":"closed","sticky":false,"template":"","format":"standard","meta":{"_bbp_topic_count":0,"_bbp_reply_count":0,"_bbp_total_topic_count":0,"_bbp_total_reply_count":0,"_bbp_voice_count":0,"_bbp_anonymous_reply_count":0,"_bbp_topic_count_hidden":0,"_bbp_reply_count_hidden":0,"_bbp_forum_subforum_count":0,"footnotes":""},"categories":[29],"tags":[],"class_list":["post-16673","post","type-post","status-publish","format-standard","hentry","category-portada"],"post_mailing_queue_ids":[],"_links":{"self":[{"href":"https:\/\/agora.xtec.cat\/iesmallafre\/wp-json\/wp\/v2\/posts\/16673","targetHints":{"allow":["GET"]}}],"collection":[{"href":"https:\/\/agora.xtec.cat\/iesmallafre\/wp-json\/wp\/v2\/posts"}],"about":[{"href":"https:\/\/agora.xtec.cat\/iesmallafre\/wp-json\/wp\/v2\/types\/post"}],"author":[{"embeddable":true,"href":"https:\/\/agora.xtec.cat\/iesmallafre\/wp-json\/wp\/v2\/users\/14"}],"replies":[{"embeddable":true,"href":"https:\/\/agora.xtec.cat\/iesmallafre\/wp-json\/wp\/v2\/comments?post=16673"}],"version-history":[{"count":1,"href":"https:\/\/agora.xtec.cat\/iesmallafre\/wp-json\/wp\/v2\/posts\/16673\/revisions"}],"predecessor-version":[{"id":16674,"href":"https:\/\/agora.xtec.cat\/iesmallafre\/wp-json\/wp\/v2\/posts\/16673\/revisions\/16674"}],"wp:attachment":[{"href":"https:\/\/agora.xtec.cat\/iesmallafre\/wp-json\/wp\/v2\/media?parent=16673"}],"wp:term":[{"taxonomy":"category","embeddable":true,"href":"https:\/\/agora.xtec.cat\/iesmallafre\/wp-json\/wp\/v2\/categories?post=16673"},{"taxonomy":"post_tag","embeddable":true,"href":"https:\/\/agora.xtec.cat\/iesmallafre\/wp-json\/wp\/v2\/tags?post=16673"}],"curies":[{"name":"wp","href":"https:\/\/api.w.org\/{rel}","templated":true}]}}