{"id":1667,"date":"2019-02-07T18:59:47","date_gmt":"2019-02-07T17:59:47","guid":{"rendered":"http:\/\/agora.xtec.cat\/iesmallafre\/?p=1667"},"modified":"2019-02-24T19:01:53","modified_gmt":"2019-02-24T18:01:53","slug":"tallers-deducacio-emocional-1r-deso","status":"publish","type":"post","link":"https:\/\/agora.xtec.cat\/iesmallafre\/general\/tallers-deducacio-emocional-1r-deso\/","title":{"rendered":"Tallers d&#8217;Educaci\u00f3 Emocional. 1r d&#8217;ESO"},"content":{"rendered":"<p>Aquest mat\u00ed han comen\u00e7at els tallers d&#8217;educaci\u00f3 emocional que fem al centre. A les imatges podeu veure una petita mostra d&#8217;un exercici amb els alumnes de 1r d&#8217;ESO C i la Mar Fontova, de l&#8217;Associaci\u00f3 Elna.<\/p>\n<p><a href=\"https:\/\/agora.xtec.cat\/iesmallafre\/wp-content\/uploads\/usu105\/2019\/02\/51851187_2157760967624516_5707741077998403584_n.jpg\"><img loading=\"lazy\" decoding=\"async\" class=\"aligncenter size-full wp-image-1668\" src=\"https:\/\/agora.xtec.cat\/iesmallafre\/wp-content\/uploads\/usu105\/2019\/02\/51851187_2157760967624516_5707741077998403584_n.jpg\" alt=\"\" width=\"959\" height=\"960\" srcset=\"https:\/\/agora.xtec.cat\/iesmallafre\/wp-content\/uploads\/usu105\/2019\/02\/51851187_2157760967624516_5707741077998403584_n.jpg 959w, https:\/\/agora.xtec.cat\/iesmallafre\/wp-content\/uploads\/usu105\/2019\/02\/51851187_2157760967624516_5707741077998403584_n-150x150.jpg 150w, https:\/\/agora.xtec.cat\/iesmallafre\/wp-content\/uploads\/usu105\/2019\/02\/51851187_2157760967624516_5707741077998403584_n-300x300.jpg 300w, https:\/\/agora.xtec.cat\/iesmallafre\/wp-content\/uploads\/usu105\/2019\/02\/51851187_2157760967624516_5707741077998403584_n-768x769.jpg 768w\" sizes=\"auto, (max-width: 959px) 100vw, 959px\" \/><\/a> <a href=\"https:\/\/agora.xtec.cat\/iesmallafre\/wp-content\/uploads\/usu105\/2019\/02\/51315366_2157761240957822_5349566897438326784_n.jpg\"><img loading=\"lazy\" decoding=\"async\" class=\"aligncenter size-large wp-image-1669\" src=\"https:\/\/agora.xtec.cat\/iesmallafre\/wp-content\/uploads\/usu105\/2019\/02\/51315366_2157761240957822_5349566897438326784_n.jpg\" alt=\"\" width=\"960\" height=\"540\" srcset=\"https:\/\/agora.xtec.cat\/iesmallafre\/wp-content\/uploads\/usu105\/2019\/02\/51315366_2157761240957822_5349566897438326784_n.jpg 960w, https:\/\/agora.xtec.cat\/iesmallafre\/wp-content\/uploads\/usu105\/2019\/02\/51315366_2157761240957822_5349566897438326784_n-300x169.jpg 300w, https:\/\/agora.xtec.cat\/iesmallafre\/wp-content\/uploads\/usu105\/2019\/02\/51315366_2157761240957822_5349566897438326784_n-768x432.jpg 768w\" sizes=\"auto, (max-width: 960px) 100vw, 960px\" \/><\/a> <a href=\"https:\/\/agora.xtec.cat\/iesmallafre\/wp-content\/uploads\/usu105\/2019\/02\/51441808_2157760920957854_4288028351131549696_n.jpg\"><img loading=\"lazy\" decoding=\"async\" class=\"aligncenter size-large wp-image-1670\" src=\"https:\/\/agora.xtec.cat\/iesmallafre\/wp-content\/uploads\/usu105\/2019\/02\/51441808_2157760920957854_4288028351131549696_n.jpg\" alt=\"\" width=\"960\" height=\"960\" srcset=\"https:\/\/agora.xtec.cat\/iesmallafre\/wp-content\/uploads\/usu105\/2019\/02\/51441808_2157760920957854_4288028351131549696_n.jpg 960w, https:\/\/agora.xtec.cat\/iesmallafre\/wp-content\/uploads\/usu105\/2019\/02\/51441808_2157760920957854_4288028351131549696_n-150x150.jpg 150w, https:\/\/agora.xtec.cat\/iesmallafre\/wp-content\/uploads\/usu105\/2019\/02\/51441808_2157760920957854_4288028351131549696_n-300x300.jpg 300w, https:\/\/agora.xtec.cat\/iesmallafre\/wp-content\/uploads\/usu105\/2019\/02\/51441808_2157760920957854_4288028351131549696_n-768x768.jpg 768w\" sizes=\"auto, (max-width: 960px) 100vw, 960px\" \/><\/a> <a href=\"https:\/\/agora.xtec.cat\/iesmallafre\/wp-content\/uploads\/usu105\/2019\/02\/51477510_2157761117624501_4575652149052047360_n.jpg\"><img loading=\"lazy\" decoding=\"async\" class=\"aligncenter size-large wp-image-1671\" src=\"https:\/\/agora.xtec.cat\/iesmallafre\/wp-content\/uploads\/usu105\/2019\/02\/51477510_2157761117624501_4575652149052047360_n.jpg\" alt=\"\" width=\"960\" height=\"540\" srcset=\"https:\/\/agora.xtec.cat\/iesmallafre\/wp-content\/uploads\/usu105\/2019\/02\/51477510_2157761117624501_4575652149052047360_n.jpg 960w, https:\/\/agora.xtec.cat\/iesmallafre\/wp-content\/uploads\/usu105\/2019\/02\/51477510_2157761117624501_4575652149052047360_n-300x169.jpg 300w, https:\/\/agora.xtec.cat\/iesmallafre\/wp-content\/uploads\/usu105\/2019\/02\/51477510_2157761117624501_4575652149052047360_n-768x432.jpg 768w\" sizes=\"auto, (max-width: 960px) 100vw, 960px\" \/><\/a> <a href=\"https:\/\/agora.xtec.cat\/iesmallafre\/wp-content\/uploads\/usu105\/2019\/02\/51679608_2157761340957812_1257031413077639168_n.jpg\"><img loading=\"lazy\" decoding=\"async\" class=\"aligncenter size-large wp-image-1672\" src=\"https:\/\/agora.xtec.cat\/iesmallafre\/wp-content\/uploads\/usu105\/2019\/02\/51679608_2157761340957812_1257031413077639168_n.jpg\" alt=\"\" width=\"960\" height=\"540\" srcset=\"https:\/\/agora.xtec.cat\/iesmallafre\/wp-content\/uploads\/usu105\/2019\/02\/51679608_2157761340957812_1257031413077639168_n.jpg 960w, https:\/\/agora.xtec.cat\/iesmallafre\/wp-content\/uploads\/usu105\/2019\/02\/51679608_2157761340957812_1257031413077639168_n-300x169.jpg 300w, https:\/\/agora.xtec.cat\/iesmallafre\/wp-content\/uploads\/usu105\/2019\/02\/51679608_2157761340957812_1257031413077639168_n-768x432.jpg 768w\" sizes=\"auto, (max-width: 960px) 100vw, 960px\" \/><\/a> <a href=\"https:\/\/agora.xtec.cat\/iesmallafre\/wp-content\/uploads\/usu105\/2019\/02\/51794097_2157761297624483_9081392263568818176_n.jpg\"><img loading=\"lazy\" decoding=\"async\" class=\"aligncenter size-large wp-image-1673\" src=\"https:\/\/agora.xtec.cat\/iesmallafre\/wp-content\/uploads\/usu105\/2019\/02\/51794097_2157761297624483_9081392263568818176_n.jpg\" alt=\"\" width=\"960\" height=\"540\" srcset=\"https:\/\/agora.xtec.cat\/iesmallafre\/wp-content\/uploads\/usu105\/2019\/02\/51794097_2157761297624483_9081392263568818176_n.jpg 960w, https:\/\/agora.xtec.cat\/iesmallafre\/wp-content\/uploads\/usu105\/2019\/02\/51794097_2157761297624483_9081392263568818176_n-300x169.jpg 300w, https:\/\/agora.xtec.cat\/iesmallafre\/wp-content\/uploads\/usu105\/2019\/02\/51794097_2157761297624483_9081392263568818176_n-768x432.jpg 768w\" sizes=\"auto, (max-width: 960px) 100vw, 960px\" \/><\/a><\/p>\n","protected":false},"excerpt":{"rendered":"<p>Aquest mat\u00ed han comen\u00e7at els tallers d&#8217;educaci\u00f3 emocional que fem al centre. A les imatges podeu veure una petita mostra d&#8217;un exercici amb els alumnes de 1r d&#8217;ESO C i la Mar Fontova, de l&#8217;Associaci\u00f3 Elna.<br \/>\n<a href=\"https:\/\/agora.xtec.cat\/iesmallafre\/wp-content\/uploads\/usu105\/2019\/02\/51851187_2157760967624516_5707741077998403584_n.jpg\"><\/a> <a href=\"https:\/\/agora.xtec.cat\/iesmallafre\/wp-content\/uploads\/usu105\/2019\/02\/51315366_2157761240957822_5349566897438326784_n.jpg\"><\/a> <a href=\"https:\/\/agora.xtec.cat\/iesmallafre\/wp-content\/uploads\/usu105\/2019\/02\/51441808_2157760920957854_4288028351131549696_n.jpg\"><\/a> <a href=\"https:\/\/agora.xtec.cat\/iesmallafre\/wp-content\/uploads\/usu105\/2019\/02\/51477510_2157761117624501_4575652149052047360_n.jpg\"><\/a> <a href=\"https:\/\/agora.xtec.cat\/iesmallafre\/wp-content\/uploads\/usu105\/2019\/02\/51679608_2157761340957812_1257031413077639168_n.jpg\"><\/a>&hellip;  <a href=\"https:\/\/agora.xtec.cat\/iesmallafre\/general\/tallers-deducacio-emocional-1r-deso\/\" title=\"Read Tallers d&#8217;Educaci\u00f3 Emocional. 1r d&#8217;ESO\">Llegeix m\u00e9s\u00bb<\/a><\/p>\n","protected":false},"author":6,"featured_media":1671,"comment_status":"closed","ping_status":"closed","sticky":false,"template":"","format":"standard","meta":{"_bbp_topic_count":0,"_bbp_reply_count":0,"_bbp_total_topic_count":0,"_bbp_total_reply_count":0,"_bbp_voice_count":0,"_bbp_anonymous_reply_count":0,"_bbp_topic_count_hidden":0,"_bbp_reply_count_hidden":0,"_bbp_forum_subforum_count":0,"footnotes":""},"categories":[31,4,1,29],"tags":[122,58],"class_list":["post-1667","post","type-post","status-publish","format-standard","has-post-thumbnail","hentry","category-ampa","category-eso-1","category-general","category-portada","tag-1reso","tag-tallers"],"post_mailing_queue_ids":[],"_links":{"self":[{"href":"https:\/\/agora.xtec.cat\/iesmallafre\/wp-json\/wp\/v2\/posts\/1667","targetHints":{"allow":["GET"]}}],"collection":[{"href":"https:\/\/agora.xtec.cat\/iesmallafre\/wp-json\/wp\/v2\/posts"}],"about":[{"href":"https:\/\/agora.xtec.cat\/iesmallafre\/wp-json\/wp\/v2\/types\/post"}],"author":[{"embeddable":true,"href":"https:\/\/agora.xtec.cat\/iesmallafre\/wp-json\/wp\/v2\/users\/6"}],"replies":[{"embeddable":true,"href":"https:\/\/agora.xtec.cat\/iesmallafre\/wp-json\/wp\/v2\/comments?post=1667"}],"version-history":[{"count":1,"href":"https:\/\/agora.xtec.cat\/iesmallafre\/wp-json\/wp\/v2\/posts\/1667\/revisions"}],"predecessor-version":[{"id":1674,"href":"https:\/\/agora.xtec.cat\/iesmallafre\/wp-json\/wp\/v2\/posts\/1667\/revisions\/1674"}],"wp:featuredmedia":[{"embeddable":true,"href":"https:\/\/agora.xtec.cat\/iesmallafre\/wp-json\/wp\/v2\/media\/1671"}],"wp:attachment":[{"href":"https:\/\/agora.xtec.cat\/iesmallafre\/wp-json\/wp\/v2\/media?parent=1667"}],"wp:term":[{"taxonomy":"category","embeddable":true,"href":"https:\/\/agora.xtec.cat\/iesmallafre\/wp-json\/wp\/v2\/categories?post=1667"},{"taxonomy":"post_tag","embeddable":true,"href":"https:\/\/agora.xtec.cat\/iesmallafre\/wp-json\/wp\/v2\/tags?post=1667"}],"curies":[{"name":"wp","href":"https:\/\/api.w.org\/{rel}","templated":true}]}}