{"id":16632,"date":"2020-03-19T16:40:28","date_gmt":"2020-03-19T15:40:28","guid":{"rendered":"https:\/\/agora.xtec.cat\/iesmallafre\/?p=16632"},"modified":"2020-04-16T23:33:00","modified_gmt":"2020-04-16T21:33:00","slug":"important-preinscripcio-2020-21-i-pau-2020","status":"publish","type":"post","link":"https:\/\/agora.xtec.cat\/iesmallafre\/general\/important-preinscripcio-2020-21-i-pau-2020\/","title":{"rendered":"IMPORTANT PREINSCRIPCI\u00d3 2020-21 I PAU 2020"},"content":{"rendered":"<h3 style=\"text-align: center;\"><b><span style=\"color: #cc0000;\">IMPORTANT PREINSCRIPCI\u00d3 2020-21 <\/span><\/b><\/h3>\n<h3 style=\"text-align: center;\"><b><span style=\"color: #cc0000;\">I PAU 2020<\/span><\/b><\/h3>\n<h4 style=\"text-align: justify;\"><\/h4>\n<h4 style=\"text-align: justify;\">Us informem que la jornada de portes obertes del centre s&#8217;ha ajornat i que les dates de preinscripci\u00f3 a 1r d&#8217;ESO i confirmaci\u00f3 dels altres cursos es reprogramaran quan el calendari ho permeti.<\/h4>\n<h4 style=\"text-align: justify;\">A m\u00e9s tots els tr\u00e0mits administratius relacionats amb l&#8217;alumnat del centre o amb l&#8217;\u00e0mbit educaci\u00f3 tamb\u00e9 queden suspesos fins a un nou calendari, incloses les proves d&#8217;acc\u00e9s a cicles, les PAU o les PAP.<\/h4>\n<h4 style=\"text-align: justify;\"><\/h4>\n<h4 style=\"text-align: justify;\">Us anirem informant quan tinguem m\u00e9s novetats.<\/h4>\n<h4 style=\"text-align: justify;\"><b>\u00a0<\/b><\/h4>\n<h4 style=\"text-align: justify;\">L&#8217;equip directiu del centre<\/h4>\n<p><a href=\"https:\/\/agora.xtec.cat\/iesmallafre\/wp-content\/uploads\/usu105\/2020\/03\/TARGETO-2020-portes-obertes.jpg\"><img loading=\"lazy\" decoding=\"async\" class=\"wp-image-16570 aligncenter\" src=\"https:\/\/agora.xtec.cat\/iesmallafre\/wp-content\/uploads\/usu105\/2020\/03\/TARGETO-2020-portes-obertes-724x1024.jpg\" alt=\"\" width=\"161\" height=\"227\" srcset=\"https:\/\/agora.xtec.cat\/iesmallafre\/wp-content\/uploads\/usu105\/2020\/03\/TARGETO-2020-portes-obertes-724x1024.jpg 724w, https:\/\/agora.xtec.cat\/iesmallafre\/wp-content\/uploads\/usu105\/2020\/03\/TARGETO-2020-portes-obertes-212x300.jpg 212w, https:\/\/agora.xtec.cat\/iesmallafre\/wp-content\/uploads\/usu105\/2020\/03\/TARGETO-2020-portes-obertes-768x1086.jpg 768w, https:\/\/agora.xtec.cat\/iesmallafre\/wp-content\/uploads\/usu105\/2020\/03\/TARGETO-2020-portes-obertes.jpg 1754w\" sizes=\"auto, (max-width: 161px) 100vw, 161px\" \/><\/a><\/p>\n","protected":false},"excerpt":{"rendered":"<p>IMPORTANT PREINSCRIPCI\u00d3 2020-21<br \/>\nI PAU 2020<\/p>\n<p>Us informem que la jornada de portes obertes del centre s&#8217;ha ajornat i que les dates de preinscripci\u00f3 a 1r d&#8217;ESO i confirmaci\u00f3 dels altres cursos es reprogramaran quan el calendari ho permeti.<br \/>\nA m\u00e9s tots els tr\u00e0mits administratius relacionats amb&hellip;  <a href=\"https:\/\/agora.xtec.cat\/iesmallafre\/general\/important-preinscripcio-2020-21-i-pau-2020\/\" title=\"Read IMPORTANT PREINSCRIPCI\u00d3 2020-21 I PAU 2020\">Llegeix m\u00e9s\u00bb<\/a><\/p>\n","protected":false},"author":14,"featured_media":0,"comment_status":"open","ping_status":"closed","sticky":false,"template":"","format":"standard","meta":{"_bbp_topic_count":0,"_bbp_reply_count":0,"_bbp_total_topic_count":0,"_bbp_total_reply_count":0,"_bbp_voice_count":0,"_bbp_anonymous_reply_count":0,"_bbp_topic_count_hidden":0,"_bbp_reply_count_hidden":0,"_bbp_forum_subforum_count":0,"footnotes":""},"categories":[1,29],"tags":[165,266,206],"class_list":["post-16632","post","type-post","status-publish","format-standard","hentry","category-general","category-portada","tag-pau","tag-portes-obertes","tag-preinscripcio"],"post_mailing_queue_ids":[],"_links":{"self":[{"href":"https:\/\/agora.xtec.cat\/iesmallafre\/wp-json\/wp\/v2\/posts\/16632","targetHints":{"allow":["GET"]}}],"collection":[{"href":"https:\/\/agora.xtec.cat\/iesmallafre\/wp-json\/wp\/v2\/posts"}],"about":[{"href":"https:\/\/agora.xtec.cat\/iesmallafre\/wp-json\/wp\/v2\/types\/post"}],"author":[{"embeddable":true,"href":"https:\/\/agora.xtec.cat\/iesmallafre\/wp-json\/wp\/v2\/users\/14"}],"replies":[{"embeddable":true,"href":"https:\/\/agora.xtec.cat\/iesmallafre\/wp-json\/wp\/v2\/comments?post=16632"}],"version-history":[{"count":4,"href":"https:\/\/agora.xtec.cat\/iesmallafre\/wp-json\/wp\/v2\/posts\/16632\/revisions"}],"predecessor-version":[{"id":16650,"href":"https:\/\/agora.xtec.cat\/iesmallafre\/wp-json\/wp\/v2\/posts\/16632\/revisions\/16650"}],"wp:attachment":[{"href":"https:\/\/agora.xtec.cat\/iesmallafre\/wp-json\/wp\/v2\/media?parent=16632"}],"wp:term":[{"taxonomy":"category","embeddable":true,"href":"https:\/\/agora.xtec.cat\/iesmallafre\/wp-json\/wp\/v2\/categories?post=16632"},{"taxonomy":"post_tag","embeddable":true,"href":"https:\/\/agora.xtec.cat\/iesmallafre\/wp-json\/wp\/v2\/tags?post=16632"}],"curies":[{"name":"wp","href":"https:\/\/api.w.org\/{rel}","templated":true}]}}