{"id":1648,"date":"2019-02-01T18:53:10","date_gmt":"2019-02-01T17:53:10","guid":{"rendered":"http:\/\/agora.xtec.cat\/iesmallafre\/?p=1648"},"modified":"2019-02-24T18:55:04","modified_gmt":"2019-02-24T17:55:04","slug":"ceremonie-diplomes-delf","status":"publish","type":"post","link":"https:\/\/agora.xtec.cat\/iesmallafre\/general\/ceremonie-diplomes-delf\/","title":{"rendered":"C\u00e9remonie Dipl\u00f4mes Delf"},"content":{"rendered":"<p>Mardi nous sommes all\u00e9s \u00e0 l\u2019Institut Fran\u00e7ais de Barcelone pour la c\u00e9r\u00e9monie de remise des Dipl\u00f4mes Delf.<br \/>\nLe Consule de France \u00e0 Barcelone, M. Cyril Piquemal, a salu\u00e9 les \u00e9l\u00e8ves du Dolors Mallafr\u00e8 et leur a remis le Dipl\u00f4me. La directrice de l\u2019Institut Fran\u00e7ais, Madame Pascale de Schyter Hualpa, a pr\u00e9sid\u00e9 la c\u00e9r\u00e9monie.<br \/>\nLe directeur du Mallafr\u00e8, Joan Martorell, ainsi que la proffesseur de fran\u00e7ais, Nat\u00e0lia Izard, sont tr\u00e8s fiers de leurs \u00e9l\u00e8ves !<\/p>\n<p><a href=\"https:\/\/agora.xtec.cat\/iesmallafre\/wp-content\/uploads\/usu105\/2019\/02\/delf.jpg\"><img loading=\"lazy\" decoding=\"async\" class=\"aligncenter size-full wp-image-1649\" src=\"https:\/\/agora.xtec.cat\/iesmallafre\/wp-content\/uploads\/usu105\/2019\/02\/delf.jpg\" alt=\"\" width=\"960\" height=\"575\" srcset=\"https:\/\/agora.xtec.cat\/iesmallafre\/wp-content\/uploads\/usu105\/2019\/02\/delf.jpg 960w, https:\/\/agora.xtec.cat\/iesmallafre\/wp-content\/uploads\/usu105\/2019\/02\/delf-300x180.jpg 300w, https:\/\/agora.xtec.cat\/iesmallafre\/wp-content\/uploads\/usu105\/2019\/02\/delf-768x460.jpg 768w\" sizes=\"auto, (max-width: 960px) 100vw, 960px\" \/><\/a>1<\/p>\n","protected":false},"excerpt":{"rendered":"<p>Mardi nous sommes all\u00e9s \u00e0 l\u2019Institut Fran\u00e7ais de Barcelone pour la c\u00e9r\u00e9monie de remise des Dipl\u00f4mes Delf.<br \/>\nLe Consule de France \u00e0 Barcelone, M. Cyril Piquemal, a salu\u00e9 les \u00e9l\u00e8ves du Dolors Mallafr\u00e8 et leur a remis le Dipl\u00f4me. La directrice de l\u2019Institut Fran\u00e7ais, Madame Pascale&hellip;  <a href=\"https:\/\/agora.xtec.cat\/iesmallafre\/general\/ceremonie-diplomes-delf\/\" title=\"Read C\u00e9remonie Dipl\u00f4mes Delf\">Llegeix m\u00e9s\u00bb<\/a><\/p>\n","protected":false},"author":6,"featured_media":1649,"comment_status":"closed","ping_status":"closed","sticky":false,"template":"","format":"standard","meta":{"_bbp_topic_count":0,"_bbp_reply_count":0,"_bbp_total_topic_count":0,"_bbp_total_reply_count":0,"_bbp_voice_count":0,"_bbp_anonymous_reply_count":0,"_bbp_topic_count_hidden":0,"_bbp_reply_count_hidden":0,"_bbp_forum_subforum_count":0,"footnotes":""},"categories":[31,8,3,1,29],"tags":[121],"class_list":["post-1648","post","type-post","status-publish","format-standard","has-post-thumbnail","hentry","category-ampa","category-batxillerat","category-eso","category-general","category-portada","tag-delf"],"post_mailing_queue_ids":[],"_links":{"self":[{"href":"https:\/\/agora.xtec.cat\/iesmallafre\/wp-json\/wp\/v2\/posts\/1648","targetHints":{"allow":["GET"]}}],"collection":[{"href":"https:\/\/agora.xtec.cat\/iesmallafre\/wp-json\/wp\/v2\/posts"}],"about":[{"href":"https:\/\/agora.xtec.cat\/iesmallafre\/wp-json\/wp\/v2\/types\/post"}],"author":[{"embeddable":true,"href":"https:\/\/agora.xtec.cat\/iesmallafre\/wp-json\/wp\/v2\/users\/6"}],"replies":[{"embeddable":true,"href":"https:\/\/agora.xtec.cat\/iesmallafre\/wp-json\/wp\/v2\/comments?post=1648"}],"version-history":[{"count":1,"href":"https:\/\/agora.xtec.cat\/iesmallafre\/wp-json\/wp\/v2\/posts\/1648\/revisions"}],"predecessor-version":[{"id":1650,"href":"https:\/\/agora.xtec.cat\/iesmallafre\/wp-json\/wp\/v2\/posts\/1648\/revisions\/1650"}],"wp:featuredmedia":[{"embeddable":true,"href":"https:\/\/agora.xtec.cat\/iesmallafre\/wp-json\/wp\/v2\/media\/1649"}],"wp:attachment":[{"href":"https:\/\/agora.xtec.cat\/iesmallafre\/wp-json\/wp\/v2\/media?parent=1648"}],"wp:term":[{"taxonomy":"category","embeddable":true,"href":"https:\/\/agora.xtec.cat\/iesmallafre\/wp-json\/wp\/v2\/categories?post=1648"},{"taxonomy":"post_tag","embeddable":true,"href":"https:\/\/agora.xtec.cat\/iesmallafre\/wp-json\/wp\/v2\/tags?post=1648"}],"curies":[{"name":"wp","href":"https:\/\/api.w.org\/{rel}","templated":true}]}}