{"id":16327,"date":"2019-07-02T09:04:01","date_gmt":"2019-07-02T07:04:01","guid":{"rendered":"http:\/\/agora.xtec.cat\/iesmallafre\/?p=16327"},"modified":"2020-07-07T16:28:00","modified_gmt":"2020-07-07T14:28:00","slug":"matricula-batxillerat-2019-2020","status":"publish","type":"post","link":"https:\/\/agora.xtec.cat\/iesmallafre\/general\/matricula-batxillerat-2019-2020\/","title":{"rendered":"MATR\u00cdCULA BATXILLERAT 2020\/2021"},"content":{"rendered":"<p style=\"text-align: center;\">\n<h4><span style=\"color: #008000;\">Publicaci\u00f3\u00a0 de la llista d\u2019alumnat assignat al Mallafr\u00e8 pel curs 2020-2021 a 7\/7\/2020.<\/span><\/h4>\n<h4><a href=\"https:\/\/agora.xtec.cat\/iesmallafre\/wp-content\/uploads\/usu105\/2019\/07\/INFORME_ASSIGNADES_INFORME_ASSIGNADESBAT.pdf\">Alumnat de batxillerat assignat al Mallafr\u00e8<\/a><\/h4>\n<p>&nbsp;<\/p>\n<h4><span style=\"color: #008000;\">Publicaci\u00f3\u00a0 de la llista d\u2019espera batxillerat al Mallafr\u00e8 pel curs 2020-2021 a 7\/7\/2020.<\/span><\/h4>\n<h4><a href=\"https:\/\/agora.xtec.cat\/iesmallafre\/wp-content\/uploads\/usu105\/2019\/07\/BATINFORME_LLISTA_ESPERA_OME_LLISTA_ESPERA-1.pdf\">Llista d&#8217;espera batxillerat<\/a><\/h4>\n<p>&nbsp;<\/p>\n<h4><span style=\"color: #008000;\">Publicaci\u00f3 del llistat d\u2019alumnat preinscrit al centre.<\/span><\/h4>\n<h4><a href=\"https:\/\/agora.xtec.cat\/iesmallafre\/wp-content\/uploads\/usu105\/2019\/07\/BATINFORME_PREINSCRITES_OME_INFORME_PREINSCRITES_OME.pdf\">Preinscrits al centre<\/a><\/h4>\n<p>&nbsp;<\/p>\n<p><span style=\"color: #000000;\">Publicaci\u00f3 de la llista de sol\u00b7licituds que han demanat el centre i l&#8217;ensenyament en primera petici\u00f3 ordenada definitiva 26\/06\/2020.<\/span><\/p>\n<h5 style=\"text-align: left;\"><a href=\"https:\/\/agora.xtec.cat\/iesmallafre\/wp-content\/uploads\/usu105\/2020\/05\/BATXILLERAT-BAREM_DEFINITIU_BAREM-1.pdf\">Barem definitiu ordenat prescripci\u00f3 batxillerat<\/a><\/h5>\n<p>N\u00famero per determinar l&#8217;ordre de les sol\u00b7licituds en cas d&#8217;empat al batxillerat.<strong> <span style=\"color: #993366;\">9.850<\/span><\/strong><\/p>\n<p><strong><span style=\"color: #993366;\">\u00a0<\/span><\/strong><\/p>\n<p>Per\u00edode de preinscripci\u00f3 del batxillerat: 27 de mail al 3 de juny<\/p>\n<h5><a href=\"https:\/\/agora.xtec.cat\/iesmallafre\/wp-content\/uploads\/usu105\/2019\/07\/INFO-preinscripcio-i-matricula-batx-actualitzats.pdf\">Documents actualitzats per fer la preinscripci\u00f3<\/a><\/h5>\n<h5><a href=\"https:\/\/agora.xtec.cat\/iesmallafre\/wp-content\/uploads\/usu105\/2020\/05\/Infointernetpreiscripciobatxillerat-2.pdf\">Informaci\u00f3 preinscripci\u00f3 telem\u00e0tica batxillerat<\/a><\/h5>\n<p>&nbsp;<\/p>\n<p>&nbsp;<\/p>\n<p>Documentaci\u00f3 d&#8217;inter\u00e8s:<\/p>\n<ul>\n<li><a href=\"https:\/\/agora.xtec.cat\/iesmallafre\/wp-content\/uploads\/usu105\/2020\/06\/Model-solicitud-general.pdf\">Document model reclamaci\u00f3<\/a><\/li>\n<li><a href=\"https:\/\/agora.xtec.cat\/iesmallafre\/docs\/autoritzacio-sortides-batxillerat\/?bp-attachment=cartasortidesBAT-1920.doc\">Autoritzaci\u00f3 sortides<\/a><\/li>\n<li><a href=\"https:\/\/agora.xtec.cat\/iesmallafre\/docs\/carta-de-compromis-batxillerat\/?bp-attachment=Carta-de-comprom%C3%ADs.doc\">Carta de comprom\u00eds<\/a><\/li>\n<li><a href=\"https:\/\/agora.xtec.cat\/iesmallafre\/docs\/us-de-serveis-batx\/?bp-attachment=usserveisBATX.pdf\">Autoritzaci\u00f3 drets d&#8217;imatge. \u00das de serveis<\/a><\/li>\n<li><a href=\"https:\/\/agora.xtec.cat\/iesmallafre\/docs\/us-dimatges-batxillerat\/?bp-attachment=usimatgeBATX.pdf\">Autoritzaci\u00f3 drets d&#8217;imatge. \u00das d&#8217;imatges<\/a><\/li>\n<\/ul>\n<p>En cas d&#8217;impossibilitat de fer la gesti\u00f3 el pare,mare i\/o tutor adjuntem el seg\u00fcent document:<\/p>\n<ul>\n<li><a href=\"https:\/\/agora.xtec.cat\/iesmallafre\/docs\/autoritzacio-per-actuar-en-nom-duna-persona-2\/?bp-attachment=autoritzaci%C3%B3-tr%C3%A0mits.doc\">Autoritzaci\u00f3 per actuar en nom d&#8217;una persona<\/a><\/li>\n<\/ul>\n<p>Informaci\u00f3 i documentaci\u00f3 AMPA<\/p>\n<ul>\n<li><a href=\"https:\/\/agora.xtec.cat\/iesmallafre\/docs\/presentacio-ampa-2019-2020\/?bp-attachment=Presentacio-AMPA-curs-2019-2020.docx\">Presentaci\u00f3 AMPA<\/a><\/li>\n<li><a href=\"https:\/\/agora.xtec.cat\/iesmallafre\/docs\/sollicitud-socis-de-lampa\/?bp-attachment=Socis-AMPA.docx\">Sol\u00b7licitud socis AMPA<\/a><\/li>\n<li><a href=\"https:\/\/agora.xtec.cat\/iesmallafre\/docs\/sollicitud-lloguer-de-taquilles\/?bp-attachment=Lloguer-taquilles.docx\">Sol\u00b7licitud lloguer de taquilles<\/a><\/li>\n<\/ul>\n<p>&nbsp;<\/p>\n<p>Podeu trobar tota la informaci\u00f3 de la preinscripci\u00f3 i matr\u00edcula als seg\u00fcents links de la Generalitat:<\/p>\n<p><a href=\"http:\/\/queestudiar.gencat.cat\/ca\/preinscripcio\/\">http:\/\/queestudiar.gencat.cat\/ca\/preinscripcio\/<\/a><\/p>\n","protected":false},"excerpt":{"rendered":"<p>Publicaci\u00f3\u00a0 de la llista d\u2019alumnat assignat al Mallafr\u00e8 pel curs 2020-2021 a 7\/7\/2020.<br \/>\n<a href=\"https:\/\/agora.xtec.cat\/iesmallafre\/wp-content\/uploads\/usu105\/2019\/07\/INFORME_ASSIGNADES_INFORME_ASSIGNADESBAT.pdf\">Alumnat de batxillerat assignat al Mallafr\u00e8<\/a><br \/>\n&nbsp;<br \/>\nPublicaci\u00f3\u00a0 de la llista d\u2019espera batxillerat al Mallafr\u00e8 pel curs 2020-2021 a 7\/7\/2020.<br \/>\n<a href=\"https:\/\/agora.xtec.cat\/iesmallafre\/wp-content\/uploads\/usu105\/2019\/07\/BATINFORME_LLISTA_ESPERA_OME_LLISTA_ESPERA-1.pdf\">Llista d&#8217;espera batxillerat<\/a><br \/>\n&nbsp;<br \/>\nPublicaci\u00f3 del llistat d\u2019alumnat preinscrit al centre.<br \/>\n<a href=\"https:\/\/agora.xtec.cat\/iesmallafre\/wp-content\/uploads\/usu105\/2019\/07\/BATINFORME_PREINSCRITES_OME_INFORME_PREINSCRITES_OME.pdf\">Preinscrits al centre<\/a><br \/>\n&nbsp;<br \/>\nPublicaci\u00f3 de la&hellip;  <a href=\"https:\/\/agora.xtec.cat\/iesmallafre\/general\/matricula-batxillerat-2019-2020\/\" title=\"Read MATR\u00cdCULA BATXILLERAT 2020\/2021\">Llegeix m\u00e9s\u00bb<\/a><\/p>\n","protected":false},"author":6,"featured_media":0,"comment_status":"open","ping_status":"closed","sticky":false,"template":"","format":"standard","meta":{"_bbp_topic_count":0,"_bbp_reply_count":0,"_bbp_total_topic_count":0,"_bbp_total_reply_count":0,"_bbp_voice_count":0,"_bbp_anonymous_reply_count":0,"_bbp_topic_count_hidden":0,"_bbp_reply_count_hidden":0,"_bbp_forum_subforum_count":0,"footnotes":""},"categories":[31,8,3,1,29],"tags":[102,90,91],"class_list":["post-16327","post","type-post","status-publish","format-standard","hentry","category-ampa","category-batxillerat","category-eso","category-general","category-portada","tag-batxillerat","tag-documentacio","tag-matricula"],"post_mailing_queue_ids":[],"_links":{"self":[{"href":"https:\/\/agora.xtec.cat\/iesmallafre\/wp-json\/wp\/v2\/posts\/16327","targetHints":{"allow":["GET"]}}],"collection":[{"href":"https:\/\/agora.xtec.cat\/iesmallafre\/wp-json\/wp\/v2\/posts"}],"about":[{"href":"https:\/\/agora.xtec.cat\/iesmallafre\/wp-json\/wp\/v2\/types\/post"}],"author":[{"embeddable":true,"href":"https:\/\/agora.xtec.cat\/iesmallafre\/wp-json\/wp\/v2\/users\/6"}],"replies":[{"embeddable":true,"href":"https:\/\/agora.xtec.cat\/iesmallafre\/wp-json\/wp\/v2\/comments?post=16327"}],"version-history":[{"count":5,"href":"https:\/\/agora.xtec.cat\/iesmallafre\/wp-json\/wp\/v2\/posts\/16327\/revisions"}],"predecessor-version":[{"id":17258,"href":"https:\/\/agora.xtec.cat\/iesmallafre\/wp-json\/wp\/v2\/posts\/16327\/revisions\/17258"}],"wp:attachment":[{"href":"https:\/\/agora.xtec.cat\/iesmallafre\/wp-json\/wp\/v2\/media?parent=16327"}],"wp:term":[{"taxonomy":"category","embeddable":true,"href":"https:\/\/agora.xtec.cat\/iesmallafre\/wp-json\/wp\/v2\/categories?post=16327"},{"taxonomy":"post_tag","embeddable":true,"href":"https:\/\/agora.xtec.cat\/iesmallafre\/wp-json\/wp\/v2\/tags?post=16327"}],"curies":[{"name":"wp","href":"https:\/\/api.w.org\/{rel}","templated":true}]}}