{"id":16310,"date":"2019-06-14T21:55:33","date_gmt":"2019-06-14T19:55:33","guid":{"rendered":"http:\/\/agora.xtec.cat\/iesmallafre\/?p=16310"},"modified":"2019-07-02T09:04:25","modified_gmt":"2019-07-02T07:04:25","slug":"matricula-eso-2019-2020","status":"publish","type":"post","link":"https:\/\/agora.xtec.cat\/iesmallafre\/general\/matricula-eso-2019-2020\/","title":{"rendered":"MATR\u00cdCULA ESO 2019-2020"},"content":{"rendered":"<p>Podeu accedir a tota la informaci\u00f3 referent a la matricula d&#8217;ESO pel curs 2019-2020 <a href=\"https:\/\/agora.xtec.cat\/iesmallafre\/general\/calendari-preinscripcio-i-matricula-eso-20182019\/\">en aquest enlla\u00e7<\/a><\/p>\n<p>Tamb\u00e9 \u00e9s possible accedir des de la opci\u00f3 de secretaria al men\u00fa principal.<\/p>\n","protected":false},"excerpt":{"rendered":"<p>Podeu accedir a tota la informaci\u00f3 referent a la matricula d&#8217;ESO pel curs 2019-2020 <a href=\"https:\/\/agora.xtec.cat\/iesmallafre\/general\/calendari-preinscripcio-i-matricula-eso-20182019\/\">en aquest enlla\u00e7<\/a><br \/>\nTamb\u00e9 \u00e9s possible accedir des de la opci\u00f3 de secretaria al men\u00fa principal.<\/p>\n","protected":false},"author":6,"featured_media":0,"comment_status":"closed","ping_status":"closed","sticky":false,"template":"","format":"standard","meta":{"_bbp_topic_count":0,"_bbp_reply_count":0,"_bbp_total_topic_count":0,"_bbp_total_reply_count":0,"_bbp_voice_count":0,"_bbp_anonymous_reply_count":0,"_bbp_topic_count_hidden":0,"_bbp_reply_count_hidden":0,"_bbp_forum_subforum_count":0,"footnotes":""},"categories":[31,3,1,29],"tags":[91],"class_list":["post-16310","post","type-post","status-publish","format-standard","hentry","category-ampa","category-eso","category-general","category-portada","tag-matricula"],"post_mailing_queue_ids":[],"_links":{"self":[{"href":"https:\/\/agora.xtec.cat\/iesmallafre\/wp-json\/wp\/v2\/posts\/16310","targetHints":{"allow":["GET"]}}],"collection":[{"href":"https:\/\/agora.xtec.cat\/iesmallafre\/wp-json\/wp\/v2\/posts"}],"about":[{"href":"https:\/\/agora.xtec.cat\/iesmallafre\/wp-json\/wp\/v2\/types\/post"}],"author":[{"embeddable":true,"href":"https:\/\/agora.xtec.cat\/iesmallafre\/wp-json\/wp\/v2\/users\/6"}],"replies":[{"embeddable":true,"href":"https:\/\/agora.xtec.cat\/iesmallafre\/wp-json\/wp\/v2\/comments?post=16310"}],"version-history":[{"count":1,"href":"https:\/\/agora.xtec.cat\/iesmallafre\/wp-json\/wp\/v2\/posts\/16310\/revisions"}],"predecessor-version":[{"id":16311,"href":"https:\/\/agora.xtec.cat\/iesmallafre\/wp-json\/wp\/v2\/posts\/16310\/revisions\/16311"}],"wp:attachment":[{"href":"https:\/\/agora.xtec.cat\/iesmallafre\/wp-json\/wp\/v2\/media?parent=16310"}],"wp:term":[{"taxonomy":"category","embeddable":true,"href":"https:\/\/agora.xtec.cat\/iesmallafre\/wp-json\/wp\/v2\/categories?post=16310"},{"taxonomy":"post_tag","embeddable":true,"href":"https:\/\/agora.xtec.cat\/iesmallafre\/wp-json\/wp\/v2\/tags?post=16310"}],"curies":[{"name":"wp","href":"https:\/\/api.w.org\/{rel}","templated":true}]}}