{"id":16229,"date":"2019-06-03T08:28:24","date_gmt":"2019-06-03T06:28:24","guid":{"rendered":"http:\/\/agora.xtec.cat\/iesmallafre\/?p=16229"},"modified":"2019-06-14T08:35:24","modified_gmt":"2019-06-14T06:35:24","slug":"gala-del-projecte-reacciona","status":"publish","type":"post","link":"https:\/\/agora.xtec.cat\/iesmallafre\/general\/gala-del-projecte-reacciona\/","title":{"rendered":"Gala del Projecte Reacciona"},"content":{"rendered":"<p>Aquest mat\u00ed hem assistit a la Gala del projecte Reacciona que es celebra cada any a l&#8217;Auditori Eduard Toldr\u00e0 de Vilanova i la Geltr\u00fa.<\/p>\n<p>Hi participen molts instituts que mostren el resultat d&#8217;una feina molt ben feta, en forma de curtmetratge, on es treballen els 17 Objectius de Desenvolupament Sostenible.<\/p>\n<p>Enhorabona als alumnes del Mallafr\u00e8 de 4t ESO que cursen l&#8217;optativa d&#8217;Arts Esc\u00e8niques!!<\/p>\n<p><a href=\"https:\/\/agora.xtec.cat\/iesmallafre\/wp-content\/uploads\/usu105\/2019\/06\/62007888_2331692680231343_3086318702396702720_n.jpg\"><img loading=\"lazy\" decoding=\"async\" class=\"aligncenter size-large wp-image-16234\" src=\"https:\/\/agora.xtec.cat\/iesmallafre\/wp-content\/uploads\/usu105\/2019\/06\/62007888_2331692680231343_3086318702396702720_n.jpg\" alt=\"\" width=\"960\" height=\"720\" srcset=\"https:\/\/agora.xtec.cat\/iesmallafre\/wp-content\/uploads\/usu105\/2019\/06\/62007888_2331692680231343_3086318702396702720_n.jpg 960w, https:\/\/agora.xtec.cat\/iesmallafre\/wp-content\/uploads\/usu105\/2019\/06\/62007888_2331692680231343_3086318702396702720_n-300x225.jpg 300w, https:\/\/agora.xtec.cat\/iesmallafre\/wp-content\/uploads\/usu105\/2019\/06\/62007888_2331692680231343_3086318702396702720_n-768x576.jpg 768w, https:\/\/agora.xtec.cat\/iesmallafre\/wp-content\/uploads\/usu105\/2019\/06\/62007888_2331692680231343_3086318702396702720_n-200x150.jpg 200w\" sizes=\"auto, (max-width: 960px) 100vw, 960px\" \/><\/a> <a href=\"https:\/\/agora.xtec.cat\/iesmallafre\/wp-content\/uploads\/usu105\/2019\/06\/61579720_2331693280231283_6930406250127556608_n.jpg\"><img loading=\"lazy\" decoding=\"async\" class=\"aligncenter size-large wp-image-16235\" src=\"https:\/\/agora.xtec.cat\/iesmallafre\/wp-content\/uploads\/usu105\/2019\/06\/61579720_2331693280231283_6930406250127556608_n.jpg\" alt=\"\" width=\"960\" height=\"720\" srcset=\"https:\/\/agora.xtec.cat\/iesmallafre\/wp-content\/uploads\/usu105\/2019\/06\/61579720_2331693280231283_6930406250127556608_n.jpg 960w, https:\/\/agora.xtec.cat\/iesmallafre\/wp-content\/uploads\/usu105\/2019\/06\/61579720_2331693280231283_6930406250127556608_n-300x225.jpg 300w, https:\/\/agora.xtec.cat\/iesmallafre\/wp-content\/uploads\/usu105\/2019\/06\/61579720_2331693280231283_6930406250127556608_n-768x576.jpg 768w, https:\/\/agora.xtec.cat\/iesmallafre\/wp-content\/uploads\/usu105\/2019\/06\/61579720_2331693280231283_6930406250127556608_n-200x150.jpg 200w\" sizes=\"auto, (max-width: 960px) 100vw, 960px\" \/><\/a> <a href=\"https:\/\/agora.xtec.cat\/iesmallafre\/wp-content\/uploads\/usu105\/2019\/06\/61667711_2331692283564716_4280477437847928832_n.jpg\"><img loading=\"lazy\" decoding=\"async\" class=\"aligncenter size-large wp-image-16236\" src=\"https:\/\/agora.xtec.cat\/iesmallafre\/wp-content\/uploads\/usu105\/2019\/06\/61667711_2331692283564716_4280477437847928832_n.jpg\" alt=\"\" width=\"720\" height=\"960\" srcset=\"https:\/\/agora.xtec.cat\/iesmallafre\/wp-content\/uploads\/usu105\/2019\/06\/61667711_2331692283564716_4280477437847928832_n.jpg 720w, https:\/\/agora.xtec.cat\/iesmallafre\/wp-content\/uploads\/usu105\/2019\/06\/61667711_2331692283564716_4280477437847928832_n-225x300.jpg 225w\" sizes=\"auto, (max-width: 720px) 100vw, 720px\" \/><\/a> <a href=\"https:\/\/agora.xtec.cat\/iesmallafre\/wp-content\/uploads\/usu105\/2019\/06\/61685764_2331693206897957_3774702174970314752_n.jpg\"><img loading=\"lazy\" decoding=\"async\" class=\"aligncenter size-large wp-image-16237\" src=\"https:\/\/agora.xtec.cat\/iesmallafre\/wp-content\/uploads\/usu105\/2019\/06\/61685764_2331693206897957_3774702174970314752_n.jpg\" alt=\"\" width=\"540\" height=\"960\" srcset=\"https:\/\/agora.xtec.cat\/iesmallafre\/wp-content\/uploads\/usu105\/2019\/06\/61685764_2331693206897957_3774702174970314752_n.jpg 540w, https:\/\/agora.xtec.cat\/iesmallafre\/wp-content\/uploads\/usu105\/2019\/06\/61685764_2331693206897957_3774702174970314752_n-169x300.jpg 169w\" sizes=\"auto, (max-width: 540px) 100vw, 540px\" \/><\/a> <a href=\"https:\/\/agora.xtec.cat\/iesmallafre\/wp-content\/uploads\/usu105\/2019\/06\/61693576_2331692836897994_5589714912847855616_n.jpg\"><img loading=\"lazy\" decoding=\"async\" class=\"aligncenter size-full wp-image-16238\" src=\"https:\/\/agora.xtec.cat\/iesmallafre\/wp-content\/uploads\/usu105\/2019\/06\/61693576_2331692836897994_5589714912847855616_n.jpg\" alt=\"\" width=\"960\" height=\"720\" srcset=\"https:\/\/agora.xtec.cat\/iesmallafre\/wp-content\/uploads\/usu105\/2019\/06\/61693576_2331692836897994_5589714912847855616_n.jpg 960w, https:\/\/agora.xtec.cat\/iesmallafre\/wp-content\/uploads\/usu105\/2019\/06\/61693576_2331692836897994_5589714912847855616_n-300x225.jpg 300w, https:\/\/agora.xtec.cat\/iesmallafre\/wp-content\/uploads\/usu105\/2019\/06\/61693576_2331692836897994_5589714912847855616_n-768x576.jpg 768w, https:\/\/agora.xtec.cat\/iesmallafre\/wp-content\/uploads\/usu105\/2019\/06\/61693576_2331692836897994_5589714912847855616_n-200x150.jpg 200w\" sizes=\"auto, (max-width: 960px) 100vw, 960px\" \/><\/a><\/p>\n<p>&nbsp;<\/p>\n","protected":false},"excerpt":{"rendered":"<p>Aquest mat\u00ed hem assistit a la Gala del projecte Reacciona que es celebra cada any a l&#8217;Auditori Eduard Toldr\u00e0 de Vilanova i la Geltr\u00fa.<br \/>\nHi participen molts instituts que mostren el resultat d&#8217;una feina molt ben feta, en forma de curtmetratge, on es treballen els 17&hellip;  <a href=\"https:\/\/agora.xtec.cat\/iesmallafre\/general\/gala-del-projecte-reacciona\/\" title=\"Read Gala del Projecte Reacciona\">Llegeix m\u00e9s\u00bb<\/a><\/p>\n","protected":false},"author":6,"featured_media":16234,"comment_status":"closed","ping_status":"closed","sticky":false,"template":"","format":"standard","meta":{"_bbp_topic_count":0,"_bbp_reply_count":0,"_bbp_total_topic_count":0,"_bbp_total_reply_count":0,"_bbp_voice_count":0,"_bbp_anonymous_reply_count":0,"_bbp_topic_count_hidden":0,"_bbp_reply_count_hidden":0,"_bbp_forum_subforum_count":0,"footnotes":""},"categories":[31,3,7,1,29],"tags":[105,127],"class_list":["post-16229","post","type-post","status-publish","format-standard","has-post-thumbnail","hentry","category-ampa","category-eso","category-eso-4","category-general","category-portada","tag-4teso","tag-reacciona"],"post_mailing_queue_ids":[],"_links":{"self":[{"href":"https:\/\/agora.xtec.cat\/iesmallafre\/wp-json\/wp\/v2\/posts\/16229","targetHints":{"allow":["GET"]}}],"collection":[{"href":"https:\/\/agora.xtec.cat\/iesmallafre\/wp-json\/wp\/v2\/posts"}],"about":[{"href":"https:\/\/agora.xtec.cat\/iesmallafre\/wp-json\/wp\/v2\/types\/post"}],"author":[{"embeddable":true,"href":"https:\/\/agora.xtec.cat\/iesmallafre\/wp-json\/wp\/v2\/users\/6"}],"replies":[{"embeddable":true,"href":"https:\/\/agora.xtec.cat\/iesmallafre\/wp-json\/wp\/v2\/comments?post=16229"}],"version-history":[{"count":1,"href":"https:\/\/agora.xtec.cat\/iesmallafre\/wp-json\/wp\/v2\/posts\/16229\/revisions"}],"predecessor-version":[{"id":16239,"href":"https:\/\/agora.xtec.cat\/iesmallafre\/wp-json\/wp\/v2\/posts\/16229\/revisions\/16239"}],"wp:featuredmedia":[{"embeddable":true,"href":"https:\/\/agora.xtec.cat\/iesmallafre\/wp-json\/wp\/v2\/media\/16234"}],"wp:attachment":[{"href":"https:\/\/agora.xtec.cat\/iesmallafre\/wp-json\/wp\/v2\/media?parent=16229"}],"wp:term":[{"taxonomy":"category","embeddable":true,"href":"https:\/\/agora.xtec.cat\/iesmallafre\/wp-json\/wp\/v2\/categories?post=16229"},{"taxonomy":"post_tag","embeddable":true,"href":"https:\/\/agora.xtec.cat\/iesmallafre\/wp-json\/wp\/v2\/tags?post=16229"}],"curies":[{"name":"wp","href":"https:\/\/api.w.org\/{rel}","templated":true}]}}