{"id":16222,"date":"2019-06-01T08:24:53","date_gmt":"2019-06-01T06:24:53","guid":{"rendered":"http:\/\/agora.xtec.cat\/iesmallafre\/?p=16222"},"modified":"2019-06-14T08:28:08","modified_gmt":"2019-06-14T06:28:08","slug":"2n-premi-de-catalunya-the-fonix","status":"publish","type":"post","link":"https:\/\/agora.xtec.cat\/iesmallafre\/general\/2n-premi-de-catalunya-the-fonix\/","title":{"rendered":"2n Premi de Catalunya &#8220;The Fonix&#8221;"},"content":{"rendered":"<p>NEREA GIN\u00c9S, FRANCIS FATTY I GUILLEM SENT\u00cdS, SEGON PREMI DE CATALUNYA A LA FINAL DEL FONIX.<\/p>\n<p>Els tres finalistes del concurs The<br \/>\nFonix del Mallafr\u00e8, han presentat aquest mat\u00ed el seu projecte a la Fundaci\u00f3 Catalana de l&#8217;Esplai, al Prat de Llobregat.<br \/>\nHan quedats segons de Catalunya. El segon premi \u00e9s un cap de setmana al Pirineu i un curs d&#8217;angl\u00e8s online. Estan contents\u00a0<span class=\"_5mfr\"><span class=\"_6qdm\">?<\/span><\/span><span class=\"text_exposed_show\"><br \/>\nEnhorabona !<\/span><\/p>\n<p><a href=\"https:\/\/agora.xtec.cat\/iesmallafre\/wp-content\/uploads\/usu105\/2019\/06\/61908291_2328691297198148_5604272030187782144_n.jpg\"><img loading=\"lazy\" decoding=\"async\" class=\"aligncenter size-full wp-image-16225\" src=\"https:\/\/agora.xtec.cat\/iesmallafre\/wp-content\/uploads\/usu105\/2019\/06\/61908291_2328691297198148_5604272030187782144_n.jpg\" alt=\"\" width=\"960\" height=\"460\" srcset=\"https:\/\/agora.xtec.cat\/iesmallafre\/wp-content\/uploads\/usu105\/2019\/06\/61908291_2328691297198148_5604272030187782144_n.jpg 960w, https:\/\/agora.xtec.cat\/iesmallafre\/wp-content\/uploads\/usu105\/2019\/06\/61908291_2328691297198148_5604272030187782144_n-300x144.jpg 300w, https:\/\/agora.xtec.cat\/iesmallafre\/wp-content\/uploads\/usu105\/2019\/06\/61908291_2328691297198148_5604272030187782144_n-768x368.jpg 768w\" sizes=\"auto, (max-width: 960px) 100vw, 960px\" \/><\/a> <a href=\"https:\/\/agora.xtec.cat\/iesmallafre\/wp-content\/uploads\/usu105\/2019\/06\/fsdfas.jpg\"><img loading=\"lazy\" decoding=\"async\" class=\"aligncenter size-full wp-image-16226\" src=\"https:\/\/agora.xtec.cat\/iesmallafre\/wp-content\/uploads\/usu105\/2019\/06\/fsdfas.jpg\" alt=\"\" width=\"460\" height=\"960\" srcset=\"https:\/\/agora.xtec.cat\/iesmallafre\/wp-content\/uploads\/usu105\/2019\/06\/fsdfas.jpg 460w, https:\/\/agora.xtec.cat\/iesmallafre\/wp-content\/uploads\/usu105\/2019\/06\/fsdfas-144x300.jpg 144w\" sizes=\"auto, (max-width: 460px) 100vw, 460px\" \/><\/a> <a href=\"https:\/\/agora.xtec.cat\/iesmallafre\/wp-content\/uploads\/usu105\/2019\/06\/61702174_2328691010531510_8462653133103824896_n.jpg\"><img loading=\"lazy\" decoding=\"async\" class=\"aligncenter size-full wp-image-16224\" src=\"https:\/\/agora.xtec.cat\/iesmallafre\/wp-content\/uploads\/usu105\/2019\/06\/61702174_2328691010531510_8462653133103824896_n.jpg\" alt=\"\" width=\"766\" height=\"925\" srcset=\"https:\/\/agora.xtec.cat\/iesmallafre\/wp-content\/uploads\/usu105\/2019\/06\/61702174_2328691010531510_8462653133103824896_n.jpg 766w, https:\/\/agora.xtec.cat\/iesmallafre\/wp-content\/uploads\/usu105\/2019\/06\/61702174_2328691010531510_8462653133103824896_n-248x300.jpg 248w\" sizes=\"auto, (max-width: 766px) 100vw, 766px\" \/><\/a> <a href=\"https:\/\/agora.xtec.cat\/iesmallafre\/wp-content\/uploads\/usu105\/2019\/06\/61488554_2328691113864833_3458633624692195328_n.jpg\"><img loading=\"lazy\" decoding=\"async\" class=\"aligncenter size-full wp-image-16223\" src=\"https:\/\/agora.xtec.cat\/iesmallafre\/wp-content\/uploads\/usu105\/2019\/06\/61488554_2328691113864833_3458633624692195328_n.jpg\" alt=\"\" width=\"960\" height=\"720\" srcset=\"https:\/\/agora.xtec.cat\/iesmallafre\/wp-content\/uploads\/usu105\/2019\/06\/61488554_2328691113864833_3458633624692195328_n.jpg 960w, https:\/\/agora.xtec.cat\/iesmallafre\/wp-content\/uploads\/usu105\/2019\/06\/61488554_2328691113864833_3458633624692195328_n-300x225.jpg 300w, https:\/\/agora.xtec.cat\/iesmallafre\/wp-content\/uploads\/usu105\/2019\/06\/61488554_2328691113864833_3458633624692195328_n-768x576.jpg 768w, https:\/\/agora.xtec.cat\/iesmallafre\/wp-content\/uploads\/usu105\/2019\/06\/61488554_2328691113864833_3458633624692195328_n-200x150.jpg 200w\" sizes=\"auto, (max-width: 960px) 100vw, 960px\" \/><\/a><\/p>\n","protected":false},"excerpt":{"rendered":"<p>NEREA GIN\u00c9S, FRANCIS FATTY I GUILLEM SENT\u00cdS, SEGON PREMI DE CATALUNYA A LA FINAL DEL FONIX.<br \/>\nEls tres finalistes del concurs The<br \/>\nFonix del Mallafr\u00e8, han presentat aquest mat\u00ed el seu projecte a la Fundaci\u00f3 Catalana de l&#8217;Esplai, al Prat de Llobregat.<br \/>\nHan quedats segons de Catalunya. El&hellip;  <a href=\"https:\/\/agora.xtec.cat\/iesmallafre\/general\/2n-premi-de-catalunya-the-fonix\/\" title=\"Read 2n Premi de Catalunya &#8220;The Fonix&#8221;\">Llegeix m\u00e9s\u00bb<\/a><\/p>\n","protected":false},"author":6,"featured_media":16226,"comment_status":"closed","ping_status":"closed","sticky":false,"template":"","format":"standard","meta":{"_bbp_topic_count":0,"_bbp_reply_count":0,"_bbp_total_topic_count":0,"_bbp_total_reply_count":0,"_bbp_voice_count":0,"_bbp_anonymous_reply_count":0,"_bbp_topic_count_hidden":0,"_bbp_reply_count_hidden":0,"_bbp_forum_subforum_count":0,"footnotes":""},"categories":[31,8,1,29],"tags":[102,97,211],"class_list":["post-16222","post","type-post","status-publish","format-standard","has-post-thumbnail","hentry","category-ampa","category-batxillerat","category-general","category-portada","tag-batxillerat","tag-concursos","tag-premis"],"post_mailing_queue_ids":[],"_links":{"self":[{"href":"https:\/\/agora.xtec.cat\/iesmallafre\/wp-json\/wp\/v2\/posts\/16222","targetHints":{"allow":["GET"]}}],"collection":[{"href":"https:\/\/agora.xtec.cat\/iesmallafre\/wp-json\/wp\/v2\/posts"}],"about":[{"href":"https:\/\/agora.xtec.cat\/iesmallafre\/wp-json\/wp\/v2\/types\/post"}],"author":[{"embeddable":true,"href":"https:\/\/agora.xtec.cat\/iesmallafre\/wp-json\/wp\/v2\/users\/6"}],"replies":[{"embeddable":true,"href":"https:\/\/agora.xtec.cat\/iesmallafre\/wp-json\/wp\/v2\/comments?post=16222"}],"version-history":[{"count":2,"href":"https:\/\/agora.xtec.cat\/iesmallafre\/wp-json\/wp\/v2\/posts\/16222\/revisions"}],"predecessor-version":[{"id":16228,"href":"https:\/\/agora.xtec.cat\/iesmallafre\/wp-json\/wp\/v2\/posts\/16222\/revisions\/16228"}],"wp:featuredmedia":[{"embeddable":true,"href":"https:\/\/agora.xtec.cat\/iesmallafre\/wp-json\/wp\/v2\/media\/16226"}],"wp:attachment":[{"href":"https:\/\/agora.xtec.cat\/iesmallafre\/wp-json\/wp\/v2\/media?parent=16222"}],"wp:term":[{"taxonomy":"category","embeddable":true,"href":"https:\/\/agora.xtec.cat\/iesmallafre\/wp-json\/wp\/v2\/categories?post=16222"},{"taxonomy":"post_tag","embeddable":true,"href":"https:\/\/agora.xtec.cat\/iesmallafre\/wp-json\/wp\/v2\/tags?post=16222"}],"curies":[{"name":"wp","href":"https:\/\/api.w.org\/{rel}","templated":true}]}}