{"id":16159,"date":"2019-05-23T09:14:24","date_gmt":"2019-05-23T07:14:24","guid":{"rendered":"http:\/\/agora.xtec.cat\/iesmallafre\/?p=16159"},"modified":"2019-06-13T09:17:03","modified_gmt":"2019-06-13T07:17:03","slug":"acte-de-lliurament-del-premi-concurs-de-carpeta-2019","status":"publish","type":"post","link":"https:\/\/agora.xtec.cat\/iesmallafre\/general\/acte-de-lliurament-del-premi-concurs-de-carpeta-2019\/","title":{"rendered":"ACTE DE LLIURAMENT DEL PREMI CONCURS DE CARPETA 2019"},"content":{"rendered":"<p>C\u00e9lia Jimenez, alumna de 2n de batxillerat d&#8217;Arts Pl\u00e0stiques \u00e9s la guanyadora del concurs de la carpeta. El seu diseny ser\u00e0 el que es far\u00e0 servir per les carpetes el proper curs 2019-20.<br \/>\nMoltes felicitats C\u00e9lia,\u00a0<span class=\"_5mfr\"><span class=\"_6qdm\">?<\/span><\/span><span class=\"_5mfr\"><span class=\"_6qdm\">?<\/span><\/span><span class=\"_5mfr\"><span class=\"_6qdm\">?<\/span><\/span>, gaudeix el teu premi.<\/p>\n<p><a href=\"https:\/\/agora.xtec.cat\/iesmallafre\/wp-content\/uploads\/usu105\/2019\/06\/60778997_2313195665414378_2144599165143875584_n.jpg\"><img loading=\"lazy\" decoding=\"async\" class=\"aligncenter size-full wp-image-16160\" src=\"https:\/\/agora.xtec.cat\/iesmallafre\/wp-content\/uploads\/usu105\/2019\/06\/60778997_2313195665414378_2144599165143875584_n.jpg\" alt=\"\" width=\"960\" height=\"540\" srcset=\"https:\/\/agora.xtec.cat\/iesmallafre\/wp-content\/uploads\/usu105\/2019\/06\/60778997_2313195665414378_2144599165143875584_n.jpg 960w, https:\/\/agora.xtec.cat\/iesmallafre\/wp-content\/uploads\/usu105\/2019\/06\/60778997_2313195665414378_2144599165143875584_n-300x169.jpg 300w, https:\/\/agora.xtec.cat\/iesmallafre\/wp-content\/uploads\/usu105\/2019\/06\/60778997_2313195665414378_2144599165143875584_n-768x432.jpg 768w\" sizes=\"auto, (max-width: 960px) 100vw, 960px\" \/><\/a><\/p>\n<p>&nbsp;<\/p>\n","protected":false},"excerpt":{"rendered":"<p>C\u00e9lia Jimenez, alumna de 2n de batxillerat d&#8217;Arts Pl\u00e0stiques \u00e9s la guanyadora del concurs de la carpeta. El seu diseny ser\u00e0 el que es far\u00e0 servir per les carpetes el proper curs 2019-20.<br \/>\nMoltes felicitats C\u00e9lia,\u00a0???, gaudeix el teu premi.<br \/>\n<a href=\"https:\/\/agora.xtec.cat\/iesmallafre\/wp-content\/uploads\/usu105\/2019\/06\/60778997_2313195665414378_2144599165143875584_n.jpg\"><\/a><br \/>\n&nbsp;<\/p>\n","protected":false},"author":6,"featured_media":16160,"comment_status":"closed","ping_status":"closed","sticky":false,"template":"","format":"standard","meta":{"_bbp_topic_count":0,"_bbp_reply_count":0,"_bbp_total_topic_count":0,"_bbp_total_reply_count":0,"_bbp_voice_count":0,"_bbp_anonymous_reply_count":0,"_bbp_topic_count_hidden":0,"_bbp_reply_count_hidden":0,"_bbp_forum_subforum_count":0,"footnotes":""},"categories":[31,8,3,1,29],"tags":[254],"class_list":["post-16159","post","type-post","status-publish","format-standard","has-post-thumbnail","hentry","category-ampa","category-batxillerat","category-eso","category-general","category-portada","tag-carpeta"],"post_mailing_queue_ids":[],"_links":{"self":[{"href":"https:\/\/agora.xtec.cat\/iesmallafre\/wp-json\/wp\/v2\/posts\/16159","targetHints":{"allow":["GET"]}}],"collection":[{"href":"https:\/\/agora.xtec.cat\/iesmallafre\/wp-json\/wp\/v2\/posts"}],"about":[{"href":"https:\/\/agora.xtec.cat\/iesmallafre\/wp-json\/wp\/v2\/types\/post"}],"author":[{"embeddable":true,"href":"https:\/\/agora.xtec.cat\/iesmallafre\/wp-json\/wp\/v2\/users\/6"}],"replies":[{"embeddable":true,"href":"https:\/\/agora.xtec.cat\/iesmallafre\/wp-json\/wp\/v2\/comments?post=16159"}],"version-history":[{"count":1,"href":"https:\/\/agora.xtec.cat\/iesmallafre\/wp-json\/wp\/v2\/posts\/16159\/revisions"}],"predecessor-version":[{"id":16161,"href":"https:\/\/agora.xtec.cat\/iesmallafre\/wp-json\/wp\/v2\/posts\/16159\/revisions\/16161"}],"wp:featuredmedia":[{"embeddable":true,"href":"https:\/\/agora.xtec.cat\/iesmallafre\/wp-json\/wp\/v2\/media\/16160"}],"wp:attachment":[{"href":"https:\/\/agora.xtec.cat\/iesmallafre\/wp-json\/wp\/v2\/media?parent=16159"}],"wp:term":[{"taxonomy":"category","embeddable":true,"href":"https:\/\/agora.xtec.cat\/iesmallafre\/wp-json\/wp\/v2\/categories?post=16159"},{"taxonomy":"post_tag","embeddable":true,"href":"https:\/\/agora.xtec.cat\/iesmallafre\/wp-json\/wp\/v2\/tags?post=16159"}],"curies":[{"name":"wp","href":"https:\/\/api.w.org\/{rel}","templated":true}]}}