{"id":16136,"date":"2019-05-08T08:50:55","date_gmt":"2019-05-08T06:50:55","guid":{"rendered":"http:\/\/agora.xtec.cat\/iesmallafre\/?p=16136"},"modified":"2019-06-13T08:55:56","modified_gmt":"2019-06-13T06:55:56","slug":"teatre-al-mallafre-2n-batxillerat","status":"publish","type":"post","link":"https:\/\/agora.xtec.cat\/iesmallafre\/general\/teatre-al-mallafre-2n-batxillerat\/","title":{"rendered":"Teatre al Mallafr\u00e8 2n Batxillerat"},"content":{"rendered":"<p>Els alumnes de 2n de batxillerat que fan la mat\u00e8ria d&#8217;Arts Esc\u00e8niques han fet una mini obra de teatre de creaci\u00f3 pr\u00f2pia que recrea la vida d&#8217;un institut. Avui l&#8217;hem estrenada amb p\u00fablic a l&#8217;aula 301 (antiga cantina) i ho han fet molt b\u00e9!<br \/>\nDem\u00e0 farem un altre passi a les 10.15 tamb\u00e9 a la 301. \u00c9s molt divertida i \u00e9s el projecte de final de trimestre amb el que s&#8217;acomiaden aquests alumnes<\/p>\n<p><a href=\"https:\/\/agora.xtec.cat\/iesmallafre\/wp-content\/uploads\/usu105\/2019\/06\/59823984_2289396607794284_4196175209876684800_n.jpg\"><img loading=\"lazy\" decoding=\"async\" class=\"aligncenter size-full wp-image-16137\" src=\"https:\/\/agora.xtec.cat\/iesmallafre\/wp-content\/uploads\/usu105\/2019\/06\/59823984_2289396607794284_4196175209876684800_n.jpg\" alt=\"\" width=\"960\" height=\"960\" srcset=\"https:\/\/agora.xtec.cat\/iesmallafre\/wp-content\/uploads\/usu105\/2019\/06\/59823984_2289396607794284_4196175209876684800_n.jpg 960w, https:\/\/agora.xtec.cat\/iesmallafre\/wp-content\/uploads\/usu105\/2019\/06\/59823984_2289396607794284_4196175209876684800_n-150x150.jpg 150w, https:\/\/agora.xtec.cat\/iesmallafre\/wp-content\/uploads\/usu105\/2019\/06\/59823984_2289396607794284_4196175209876684800_n-300x300.jpg 300w, https:\/\/agora.xtec.cat\/iesmallafre\/wp-content\/uploads\/usu105\/2019\/06\/59823984_2289396607794284_4196175209876684800_n-768x768.jpg 768w\" sizes=\"auto, (max-width: 960px) 100vw, 960px\" \/><\/a><\/p>\n","protected":false},"excerpt":{"rendered":"<p>Els alumnes de 2n de batxillerat que fan la mat\u00e8ria d&#8217;Arts Esc\u00e8niques han fet una mini obra de teatre de creaci\u00f3 pr\u00f2pia que recrea la vida d&#8217;un institut. Avui l&#8217;hem estrenada amb p\u00fablic a l&#8217;aula 301 (antiga cantina) i ho han fet molt b\u00e9!<br \/>\nDem\u00e0 farem&hellip;  <a href=\"https:\/\/agora.xtec.cat\/iesmallafre\/general\/teatre-al-mallafre-2n-batxillerat\/\" title=\"Read Teatre al Mallafr\u00e8 2n Batxillerat\">Llegeix m\u00e9s\u00bb<\/a><\/p>\n","protected":false},"author":6,"featured_media":16137,"comment_status":"closed","ping_status":"closed","sticky":false,"template":"","format":"standard","meta":{"_bbp_topic_count":0,"_bbp_reply_count":0,"_bbp_total_topic_count":0,"_bbp_total_reply_count":0,"_bbp_voice_count":0,"_bbp_anonymous_reply_count":0,"_bbp_topic_count_hidden":0,"_bbp_reply_count_hidden":0,"_bbp_forum_subforum_count":0,"footnotes":""},"categories":[31,8,1,29],"tags":[],"class_list":["post-16136","post","type-post","status-publish","format-standard","has-post-thumbnail","hentry","category-ampa","category-batxillerat","category-general","category-portada"],"post_mailing_queue_ids":[],"_links":{"self":[{"href":"https:\/\/agora.xtec.cat\/iesmallafre\/wp-json\/wp\/v2\/posts\/16136","targetHints":{"allow":["GET"]}}],"collection":[{"href":"https:\/\/agora.xtec.cat\/iesmallafre\/wp-json\/wp\/v2\/posts"}],"about":[{"href":"https:\/\/agora.xtec.cat\/iesmallafre\/wp-json\/wp\/v2\/types\/post"}],"author":[{"embeddable":true,"href":"https:\/\/agora.xtec.cat\/iesmallafre\/wp-json\/wp\/v2\/users\/6"}],"replies":[{"embeddable":true,"href":"https:\/\/agora.xtec.cat\/iesmallafre\/wp-json\/wp\/v2\/comments?post=16136"}],"version-history":[{"count":1,"href":"https:\/\/agora.xtec.cat\/iesmallafre\/wp-json\/wp\/v2\/posts\/16136\/revisions"}],"predecessor-version":[{"id":16138,"href":"https:\/\/agora.xtec.cat\/iesmallafre\/wp-json\/wp\/v2\/posts\/16136\/revisions\/16138"}],"wp:featuredmedia":[{"embeddable":true,"href":"https:\/\/agora.xtec.cat\/iesmallafre\/wp-json\/wp\/v2\/media\/16137"}],"wp:attachment":[{"href":"https:\/\/agora.xtec.cat\/iesmallafre\/wp-json\/wp\/v2\/media?parent=16136"}],"wp:term":[{"taxonomy":"category","embeddable":true,"href":"https:\/\/agora.xtec.cat\/iesmallafre\/wp-json\/wp\/v2\/categories?post=16136"},{"taxonomy":"post_tag","embeddable":true,"href":"https:\/\/agora.xtec.cat\/iesmallafre\/wp-json\/wp\/v2\/tags?post=16136"}],"curies":[{"name":"wp","href":"https:\/\/api.w.org\/{rel}","templated":true}]}}