{"id":16129,"date":"2019-04-30T08:42:58","date_gmt":"2019-04-30T06:42:58","guid":{"rendered":"http:\/\/agora.xtec.cat\/iesmallafre\/?p=16129"},"modified":"2019-06-13T08:57:38","modified_gmt":"2019-06-13T06:57:38","slug":"examens-oficials-frances-delf-al-mallafre","status":"publish","type":"post","link":"https:\/\/agora.xtec.cat\/iesmallafre\/general\/examens-oficials-frances-delf-al-mallafre\/","title":{"rendered":"Examens Oficials Franc\u00e8s DELF al Mallafr\u00e8"},"content":{"rendered":"<p>EXAMENS OFICIALS DE FRANC\u00c8S<br \/>\nDELF AL MALLAFR\u00c8.<\/p>\n<p>Un any m\u00e9s, som centre examinador del DELF<\/p>\n<div class=\"text_exposed_show\">\n<p>Com en els \u00faltims 4 anys, enguany hem tornat a ser centre examinador dels ex\u00e0mens DELF llengua francesa.<\/p>\n<p>Ahir i avui s\u2019han examinat al Dolors Mallafr\u00e8 els alumnes de franc\u00e8s de Sitges, Cubelles, Vilafranca, Sant Sadurn\u00ed i Vilanova. En total hem rebut 95 alumnes.<\/p>\n<p>Hi ha hagut una mica de nervis, per\u00f2 tamb\u00e9 molta concentraci\u00f3. El nivell dels alumnes aquest any \u00e9s molt bo, i en general han estat tots d\u2019acord que els ex\u00e0mens eren \u201cdif\u00edcils per\u00f2 no impossibles\u201d.<\/p>\n<p>Ara s\u00f3n les proves escrites col\u00b7lectives, i a partir de la setmana que ve, seran les orals individuals.<\/p>\n<p>Molta sort a tots!!<\/p>\n<p><a href=\"https:\/\/agora.xtec.cat\/iesmallafre\/wp-content\/uploads\/usu105\/2019\/06\/58761480_2277438452323433_5947144200049917952_n.jpg\"><img loading=\"lazy\" decoding=\"async\" class=\"aligncenter size-full wp-image-16130\" src=\"https:\/\/agora.xtec.cat\/iesmallafre\/wp-content\/uploads\/usu105\/2019\/06\/58761480_2277438452323433_5947144200049917952_n.jpg\" alt=\"\" width=\"960\" height=\"720\" srcset=\"https:\/\/agora.xtec.cat\/iesmallafre\/wp-content\/uploads\/usu105\/2019\/06\/58761480_2277438452323433_5947144200049917952_n.jpg 960w, https:\/\/agora.xtec.cat\/iesmallafre\/wp-content\/uploads\/usu105\/2019\/06\/58761480_2277438452323433_5947144200049917952_n-300x225.jpg 300w, https:\/\/agora.xtec.cat\/iesmallafre\/wp-content\/uploads\/usu105\/2019\/06\/58761480_2277438452323433_5947144200049917952_n-768x576.jpg 768w, https:\/\/agora.xtec.cat\/iesmallafre\/wp-content\/uploads\/usu105\/2019\/06\/58761480_2277438452323433_5947144200049917952_n-200x150.jpg 200w\" sizes=\"auto, (max-width: 960px) 100vw, 960px\" \/><\/a><\/p>\n<\/div>\n","protected":false},"excerpt":{"rendered":"<p>EXAMENS OFICIALS DE FRANC\u00c8S<br \/>\nDELF AL MALLAFR\u00c8.<br \/>\nUn any m\u00e9s, som centre examinador del DELF<\/p>\n<p>Com en els \u00faltims 4 anys, enguany hem tornat a ser centre examinador dels ex\u00e0mens DELF llengua francesa.<br \/>\nAhir i avui s\u2019han examinat al Dolors Mallafr\u00e8 els alumnes de franc\u00e8s de Sitges, Cubelles, Vilafranca,&hellip;  <a href=\"https:\/\/agora.xtec.cat\/iesmallafre\/general\/examens-oficials-frances-delf-al-mallafre\/\" title=\"Read Examens Oficials Franc\u00e8s DELF al Mallafr\u00e8\">Llegeix m\u00e9s\u00bb<\/a><\/p>\n","protected":false},"author":6,"featured_media":16130,"comment_status":"closed","ping_status":"closed","sticky":false,"template":"","format":"standard","meta":{"_bbp_topic_count":0,"_bbp_reply_count":0,"_bbp_total_topic_count":0,"_bbp_total_reply_count":0,"_bbp_voice_count":0,"_bbp_anonymous_reply_count":0,"_bbp_topic_count_hidden":0,"_bbp_reply_count_hidden":0,"_bbp_forum_subforum_count":0,"footnotes":""},"categories":[31,8,3,1,29],"tags":[121],"class_list":["post-16129","post","type-post","status-publish","format-standard","has-post-thumbnail","hentry","category-ampa","category-batxillerat","category-eso","category-general","category-portada","tag-delf"],"post_mailing_queue_ids":[],"_links":{"self":[{"href":"https:\/\/agora.xtec.cat\/iesmallafre\/wp-json\/wp\/v2\/posts\/16129","targetHints":{"allow":["GET"]}}],"collection":[{"href":"https:\/\/agora.xtec.cat\/iesmallafre\/wp-json\/wp\/v2\/posts"}],"about":[{"href":"https:\/\/agora.xtec.cat\/iesmallafre\/wp-json\/wp\/v2\/types\/post"}],"author":[{"embeddable":true,"href":"https:\/\/agora.xtec.cat\/iesmallafre\/wp-json\/wp\/v2\/users\/6"}],"replies":[{"embeddable":true,"href":"https:\/\/agora.xtec.cat\/iesmallafre\/wp-json\/wp\/v2\/comments?post=16129"}],"version-history":[{"count":1,"href":"https:\/\/agora.xtec.cat\/iesmallafre\/wp-json\/wp\/v2\/posts\/16129\/revisions"}],"predecessor-version":[{"id":16131,"href":"https:\/\/agora.xtec.cat\/iesmallafre\/wp-json\/wp\/v2\/posts\/16129\/revisions\/16131"}],"wp:featuredmedia":[{"embeddable":true,"href":"https:\/\/agora.xtec.cat\/iesmallafre\/wp-json\/wp\/v2\/media\/16130"}],"wp:attachment":[{"href":"https:\/\/agora.xtec.cat\/iesmallafre\/wp-json\/wp\/v2\/media?parent=16129"}],"wp:term":[{"taxonomy":"category","embeddable":true,"href":"https:\/\/agora.xtec.cat\/iesmallafre\/wp-json\/wp\/v2\/categories?post=16129"},{"taxonomy":"post_tag","embeddable":true,"href":"https:\/\/agora.xtec.cat\/iesmallafre\/wp-json\/wp\/v2\/tags?post=16129"}],"curies":[{"name":"wp","href":"https:\/\/api.w.org\/{rel}","templated":true}]}}