{"id":16083,"date":"2019-06-12T14:10:08","date_gmt":"2019-06-12T12:10:08","guid":{"rendered":"http:\/\/agora.xtec.cat\/iesmallafre\/?p=16083"},"modified":"2019-06-12T14:10:08","modified_gmt":"2019-06-12T12:10:08","slug":"blog-memories-del-mallafre","status":"publish","type":"post","link":"https:\/\/agora.xtec.cat\/iesmallafre\/general\/blog-memories-del-mallafre\/","title":{"rendered":"Blog &#8220;Mem\u00f2ries del Mallafr\u00e8&#8221;"},"content":{"rendered":"<p dir=\"ltr\"><a href=\"https:\/\/lesmemoriesdelmallafre.home.blog\/\">El blog Mem\u00f2ries del Mallafr\u00e8<\/a> \u00e9s un treball que pret\u00e9n recollir la mem\u00f2ria oral \u00a0de l\u2019alumnat del Mallafr\u00e8 i, d\u2019aquesta manera, ajudar a reconstruir la mem\u00f2ria col\u00b7lectiva de l\u2019institut, de la nostra ciutat i de la nostra comarca. Teniu acc\u00e8s al blog en el men\u00fa principal.<\/p>\n<p dir=\"ltr\">En aquest blog s\u2019hi pot trobar la seg\u00fcent informaci\u00f3 en forma de pestanyes amb continguts:<\/p>\n<ul>\n<li dir=\"ltr\">\n<p dir=\"ltr\">HIST\u00d2RIA ORAL: on podem trobar definit aquest concepte, sovint conf\u00fas. A m\u00e9s de diversos articles relacionats amb la hist\u00f2ria oral.<\/p>\n<\/li>\n<li dir=\"ltr\">\n<p dir=\"ltr\">BASE DE DADES: on hi ha el recull de les mem\u00f2ries dels familiars de l&#8217;alumnat de l\u2019institut Dolors Mallafr\u00e8 i Ros,que van haver d\u2019exiliar-se a conseq\u00fc\u00e8ncia de la guerra civil i\/o b\u00e9 aquelles persones que van patir repres\u00e0lies durant la guerra o el franquisme.<\/p>\n<\/li>\n<li dir=\"ltr\">\n<p dir=\"ltr\">TREBALLS DE RECERCA SOBRE MEM\u00d2RIA HIST\u00d2RICA: on es troben els treballs fets pels alumnes de l\u2019ESO i batxillerat relacionats amb la recuperaci\u00f3 de la mem\u00f2ria hist\u00f2rica. Aquesta pestanya est\u00e0 dividida en dos subapartats:<\/p>\n<ul>\n<li dir=\"ltr\">\n<p dir=\"ltr\">Treballs de recerca de Batxillerat<\/p>\n<\/li>\n<li dir=\"ltr\">\n<p dir=\"ltr\">Projectes de recerca de l\u2019ESO<\/p>\n<\/li>\n<\/ul>\n<\/li>\n<li dir=\"ltr\">\n<p dir=\"ltr\">BUCHENWALD I EXILI: on es troba l\u2019explicaci\u00f3 del projecte Buchenwald i fotografies de diferents anys del viatge a Weimar i al camp de Buchenwald, aix\u00ed com de les sortides a la Maternitat d\u2019Elna, el camp d&#8217;Argel\u00e8s i al MUME (Museu Memorial de l\u2019Exili) a la Junquera.<\/p>\n<\/li>\n<\/ul>\n","protected":false},"excerpt":{"rendered":"<p><a href=\"https:\/\/lesmemoriesdelmallafre.home.blog\/\">El blog Mem\u00f2ries del Mallafr\u00e8<\/a> \u00e9s un treball que pret\u00e9n recollir la mem\u00f2ria oral \u00a0de l\u2019alumnat del Mallafr\u00e8 i, d\u2019aquesta manera, ajudar a reconstruir la mem\u00f2ria col\u00b7lectiva de l\u2019institut, de la nostra ciutat i de la nostra comarca. Teniu acc\u00e8s al blog en el&hellip;  <a href=\"https:\/\/agora.xtec.cat\/iesmallafre\/general\/blog-memories-del-mallafre\/\" title=\"Read Blog &#8220;Mem\u00f2ries del Mallafr\u00e8&#8221;\">Llegeix m\u00e9s\u00bb<\/a><\/p>\n","protected":false},"author":6,"featured_media":0,"comment_status":"closed","ping_status":"closed","sticky":false,"template":"","format":"standard","meta":{"_bbp_topic_count":0,"_bbp_reply_count":0,"_bbp_total_topic_count":0,"_bbp_total_reply_count":0,"_bbp_voice_count":0,"_bbp_anonymous_reply_count":0,"_bbp_topic_count_hidden":0,"_bbp_reply_count_hidden":0,"_bbp_forum_subforum_count":0,"footnotes":""},"categories":[31,8,3,1,29],"tags":[250,251],"class_list":["post-16083","post","type-post","status-publish","format-standard","hentry","category-ampa","category-batxillerat","category-eso","category-general","category-portada","tag-historia","tag-institut"],"post_mailing_queue_ids":[],"_links":{"self":[{"href":"https:\/\/agora.xtec.cat\/iesmallafre\/wp-json\/wp\/v2\/posts\/16083","targetHints":{"allow":["GET"]}}],"collection":[{"href":"https:\/\/agora.xtec.cat\/iesmallafre\/wp-json\/wp\/v2\/posts"}],"about":[{"href":"https:\/\/agora.xtec.cat\/iesmallafre\/wp-json\/wp\/v2\/types\/post"}],"author":[{"embeddable":true,"href":"https:\/\/agora.xtec.cat\/iesmallafre\/wp-json\/wp\/v2\/users\/6"}],"replies":[{"embeddable":true,"href":"https:\/\/agora.xtec.cat\/iesmallafre\/wp-json\/wp\/v2\/comments?post=16083"}],"version-history":[{"count":1,"href":"https:\/\/agora.xtec.cat\/iesmallafre\/wp-json\/wp\/v2\/posts\/16083\/revisions"}],"predecessor-version":[{"id":16084,"href":"https:\/\/agora.xtec.cat\/iesmallafre\/wp-json\/wp\/v2\/posts\/16083\/revisions\/16084"}],"wp:attachment":[{"href":"https:\/\/agora.xtec.cat\/iesmallafre\/wp-json\/wp\/v2\/media?parent=16083"}],"wp:term":[{"taxonomy":"category","embeddable":true,"href":"https:\/\/agora.xtec.cat\/iesmallafre\/wp-json\/wp\/v2\/categories?post=16083"},{"taxonomy":"post_tag","embeddable":true,"href":"https:\/\/agora.xtec.cat\/iesmallafre\/wp-json\/wp\/v2\/tags?post=16083"}],"curies":[{"name":"wp","href":"https:\/\/api.w.org\/{rel}","templated":true}]}}