{"id":16015,"date":"2019-05-15T10:25:11","date_gmt":"2019-05-15T08:25:11","guid":{"rendered":"http:\/\/agora.xtec.cat\/iesmallafre\/?p=16015"},"modified":"2019-05-15T10:25:11","modified_gmt":"2019-05-15T08:25:11","slug":"informacio-portes-obertes-eso-i-batxillerat","status":"publish","type":"post","link":"https:\/\/agora.xtec.cat\/iesmallafre\/general\/informacio-portes-obertes-eso-i-batxillerat\/","title":{"rendered":"Informaci\u00f3 Portes Obertes ESO i Batxillerat"},"content":{"rendered":"<p>Podeu accedir a tota la informaci\u00f3 relacionada amb les portes obertes de ESO i Batxillerat seguint el men\u00fa desplegable de la p\u00e0gina principal o accedint a trav\u00e9s dels seg\u00fcents enlla\u00e7os:<\/p>\n<p><a href=\"https:\/\/agora.xtec.cat\/iesmallafre\/docs\/portes-obertes-batxillerat\/?bp-attachment=Presentaci%C3%B3-portes-obertes-2019-batxillerat.pptx\">PORTES OBERTES BATXILLERAT<\/a><\/p>\n<p><a href=\"https:\/\/agora.xtec.cat\/iesmallafre\/docs\/informacio-portes-obertes-eso\/?bp-attachment=Presentaci%C3%B3-portes-obertes-2019-ESO.pptx\">PORTES OBERTES ESO<\/a><\/p>\n","protected":false},"excerpt":{"rendered":"<p>Podeu accedir a tota la informaci\u00f3 relacionada amb les portes obertes de ESO i Batxillerat seguint el men\u00fa desplegable de la p\u00e0gina principal o accedint a trav\u00e9s dels seg\u00fcents enlla\u00e7os:<br \/>\n<a href=\"https:\/\/agora.xtec.cat\/iesmallafre\/docs\/portes-obertes-batxillerat\/?bp-attachment=Presentaci%C3%B3-portes-obertes-2019-batxillerat.pptx\">PORTES OBERTES BATXILLERAT<\/a><br \/>\n<a href=\"https:\/\/agora.xtec.cat\/iesmallafre\/docs\/informacio-portes-obertes-eso\/?bp-attachment=Presentaci%C3%B3-portes-obertes-2019-ESO.pptx\">PORTES OBERTES ESO<\/a><\/p>\n","protected":false},"author":6,"featured_media":0,"comment_status":"closed","ping_status":"closed","sticky":false,"template":"","format":"standard","meta":{"_bbp_topic_count":0,"_bbp_reply_count":0,"_bbp_total_topic_count":0,"_bbp_total_reply_count":0,"_bbp_voice_count":0,"_bbp_anonymous_reply_count":0,"_bbp_topic_count_hidden":0,"_bbp_reply_count_hidden":0,"_bbp_forum_subforum_count":0,"footnotes":""},"categories":[31,8,3,1,29],"tags":[102,89,205],"class_list":["post-16015","post","type-post","status-publish","format-standard","hentry","category-ampa","category-batxillerat","category-eso","category-general","category-portada","tag-batxillerat","tag-eso","tag-portesobertes"],"post_mailing_queue_ids":[],"_links":{"self":[{"href":"https:\/\/agora.xtec.cat\/iesmallafre\/wp-json\/wp\/v2\/posts\/16015","targetHints":{"allow":["GET"]}}],"collection":[{"href":"https:\/\/agora.xtec.cat\/iesmallafre\/wp-json\/wp\/v2\/posts"}],"about":[{"href":"https:\/\/agora.xtec.cat\/iesmallafre\/wp-json\/wp\/v2\/types\/post"}],"author":[{"embeddable":true,"href":"https:\/\/agora.xtec.cat\/iesmallafre\/wp-json\/wp\/v2\/users\/6"}],"replies":[{"embeddable":true,"href":"https:\/\/agora.xtec.cat\/iesmallafre\/wp-json\/wp\/v2\/comments?post=16015"}],"version-history":[{"count":1,"href":"https:\/\/agora.xtec.cat\/iesmallafre\/wp-json\/wp\/v2\/posts\/16015\/revisions"}],"predecessor-version":[{"id":16016,"href":"https:\/\/agora.xtec.cat\/iesmallafre\/wp-json\/wp\/v2\/posts\/16015\/revisions\/16016"}],"wp:attachment":[{"href":"https:\/\/agora.xtec.cat\/iesmallafre\/wp-json\/wp\/v2\/media?parent=16015"}],"wp:term":[{"taxonomy":"category","embeddable":true,"href":"https:\/\/agora.xtec.cat\/iesmallafre\/wp-json\/wp\/v2\/categories?post=16015"},{"taxonomy":"post_tag","embeddable":true,"href":"https:\/\/agora.xtec.cat\/iesmallafre\/wp-json\/wp\/v2\/tags?post=16015"}],"curies":[{"name":"wp","href":"https:\/\/api.w.org\/{rel}","templated":true}]}}