{"id":15985,"date":"2019-04-05T10:48:08","date_gmt":"2019-04-05T08:48:08","guid":{"rendered":"http:\/\/agora.xtec.cat\/iesmallafre\/?p=15985"},"modified":"2019-04-12T10:49:47","modified_gmt":"2019-04-12T08:49:47","slug":"contes-camerunesos-a-la-classe-de-frances","status":"publish","type":"post","link":"https:\/\/agora.xtec.cat\/iesmallafre\/general\/contes-camerunesos-a-la-classe-de-frances\/","title":{"rendered":"CONTES CAMERUNESOS A LA CLASSE DE FRANC\u00c8S"},"content":{"rendered":"<p>Dijous els alumnes de franc\u00e8s de 2n i 4rt de l&#8217;ESO van tenir una classe molt especial. El contacontes camerun\u00e8s Samuel Mountoumnjou ens va visitar i ens va explicar hist\u00f2ries de la seva terra, protagonitzades per animals, i cada una amb la seva moral: &#8220;no es pot ser ingrat&#8221;, &#8220;no s&#8217;ha de mentir, el que diguis ho has de dir de cor&#8221;, o &#8220;si vols trobar la soluci\u00f3 a un problema has d&#8217;estar tranquil, doncs si t&#8217;agites se t&#8217;enterboleixen les\u00a0idees, tal com s&#8217;enterboleix l&#8217;aigua si l&#8217;agites&#8221;.<br \/>\nSamuel t\u00e9 una gr\u00e0cia especial per a guanyar-se el p\u00fablic, en un espectacle que mesclava narraci\u00f3, m\u00fasica i ensenyament de franc\u00e8s.<br \/>\nVa ser una experi\u00e8ncia divertida, enriquidora, i, sens dubte, diferent. Merci, Samuel !!<\/p>\n<p>Agra\u00efm l\u2019Editorial Santillana que ens ha donat a con\u00e8ixer el Samuel<\/p>\n<p><a href=\"https:\/\/agora.xtec.cat\/iesmallafre\/wp-content\/uploads\/usu105\/2019\/04\/56616304_2240637159336896_480212485115215872_n.jpg\"><img loading=\"lazy\" decoding=\"async\" class=\"aligncenter size-full wp-image-15986\" src=\"https:\/\/agora.xtec.cat\/iesmallafre\/wp-content\/uploads\/usu105\/2019\/04\/56616304_2240637159336896_480212485115215872_n.jpg\" alt=\"\" width=\"960\" height=\"615\" srcset=\"https:\/\/agora.xtec.cat\/iesmallafre\/wp-content\/uploads\/usu105\/2019\/04\/56616304_2240637159336896_480212485115215872_n.jpg 960w, https:\/\/agora.xtec.cat\/iesmallafre\/wp-content\/uploads\/usu105\/2019\/04\/56616304_2240637159336896_480212485115215872_n-300x192.jpg 300w, https:\/\/agora.xtec.cat\/iesmallafre\/wp-content\/uploads\/usu105\/2019\/04\/56616304_2240637159336896_480212485115215872_n-768x492.jpg 768w\" sizes=\"auto, (max-width: 960px) 100vw, 960px\" \/><\/a><\/p>\n<p>&nbsp;<\/p>\n","protected":false},"excerpt":{"rendered":"<p>Dijous els alumnes de franc\u00e8s de 2n i 4rt de l&#8217;ESO van tenir una classe molt especial. El contacontes camerun\u00e8s Samuel Mountoumnjou ens va visitar i ens va explicar hist\u00f2ries de la seva terra, protagonitzades per animals, i cada una amb la seva moral: &#8220;no&hellip;  <a href=\"https:\/\/agora.xtec.cat\/iesmallafre\/general\/contes-camerunesos-a-la-classe-de-frances\/\" title=\"Read CONTES CAMERUNESOS A LA CLASSE DE FRANC\u00c8S\">Llegeix m\u00e9s\u00bb<\/a><\/p>\n","protected":false},"author":6,"featured_media":15986,"comment_status":"closed","ping_status":"closed","sticky":false,"template":"","format":"standard","meta":{"_bbp_topic_count":0,"_bbp_reply_count":0,"_bbp_total_topic_count":0,"_bbp_total_reply_count":0,"_bbp_voice_count":0,"_bbp_anonymous_reply_count":0,"_bbp_topic_count_hidden":0,"_bbp_reply_count_hidden":0,"_bbp_forum_subforum_count":0,"footnotes":""},"categories":[3,5,7,1,29],"tags":[107,105,120,58],"class_list":["post-15985","post","type-post","status-publish","format-standard","has-post-thumbnail","hentry","category-eso","category-eso-2","category-eso-4","category-general","category-portada","tag-2neso","tag-4teso","tag-frances","tag-tallers"],"post_mailing_queue_ids":[],"_links":{"self":[{"href":"https:\/\/agora.xtec.cat\/iesmallafre\/wp-json\/wp\/v2\/posts\/15985","targetHints":{"allow":["GET"]}}],"collection":[{"href":"https:\/\/agora.xtec.cat\/iesmallafre\/wp-json\/wp\/v2\/posts"}],"about":[{"href":"https:\/\/agora.xtec.cat\/iesmallafre\/wp-json\/wp\/v2\/types\/post"}],"author":[{"embeddable":true,"href":"https:\/\/agora.xtec.cat\/iesmallafre\/wp-json\/wp\/v2\/users\/6"}],"replies":[{"embeddable":true,"href":"https:\/\/agora.xtec.cat\/iesmallafre\/wp-json\/wp\/v2\/comments?post=15985"}],"version-history":[{"count":1,"href":"https:\/\/agora.xtec.cat\/iesmallafre\/wp-json\/wp\/v2\/posts\/15985\/revisions"}],"predecessor-version":[{"id":15987,"href":"https:\/\/agora.xtec.cat\/iesmallafre\/wp-json\/wp\/v2\/posts\/15985\/revisions\/15987"}],"wp:featuredmedia":[{"embeddable":true,"href":"https:\/\/agora.xtec.cat\/iesmallafre\/wp-json\/wp\/v2\/media\/15986"}],"wp:attachment":[{"href":"https:\/\/agora.xtec.cat\/iesmallafre\/wp-json\/wp\/v2\/media?parent=15985"}],"wp:term":[{"taxonomy":"category","embeddable":true,"href":"https:\/\/agora.xtec.cat\/iesmallafre\/wp-json\/wp\/v2\/categories?post=15985"},{"taxonomy":"post_tag","embeddable":true,"href":"https:\/\/agora.xtec.cat\/iesmallafre\/wp-json\/wp\/v2\/tags?post=15985"}],"curies":[{"name":"wp","href":"https:\/\/api.w.org\/{rel}","templated":true}]}}