{"id":15955,"date":"2019-03-26T10:30:55","date_gmt":"2019-03-26T09:30:55","guid":{"rendered":"http:\/\/agora.xtec.cat\/iesmallafre\/?p=15955"},"modified":"2019-04-12T10:32:27","modified_gmt":"2019-04-12T08:32:27","slug":"sortida-a-carcassone-4t-deso","status":"publish","type":"post","link":"https:\/\/agora.xtec.cat\/iesmallafre\/eso\/eso-4\/sortida-a-carcassone-4t-deso\/","title":{"rendered":"Sortida a Carcassone. 4t d&#8217;ESO"},"content":{"rendered":"<p style=\"background: white; margin: 4.5pt 0cm .0001pt 0cm;\"><span style=\"font-size: 10.5pt; font-family: 'Helvetica','sans-serif'; color: #1d2129; background: white;\">Avui hem visitat la bonica ciutat de Carcassona<\/span><span style=\"font-size: 10.5pt; font-family: 'Helvetica','sans-serif'; color: #1d2129;\"><br \/>\n<span style=\"background: white;\">Hem fet un joc de pistes on la meitat del grup eren c\u00e0tars i l\u2019altra meitat eren inquisidors<\/span><br \/>\n<span style=\"background: white;\">Els c\u00e0tars havien d\u2019ordir un complot, i els inquisidors havien de descobrir aquest complot per detenir-los i empresonar-los. Hem fet dos torns: en el torn de mat\u00ed han guanyat els inquisidors, i en el torn de tarda han guanyat els c\u00e0tars. La guia que organitzat el joc era una especialista en l\u2019Edat Mitjana, Que ens explicat moltes coses interessants sobre aquest per lliure i ens ha aclarit alguna de les idees preconcebudes que en tenim. Per exemple tothom creu que a l\u2019Edat Mitjana la gent no es rentava i tenien poca cura del seu cos; en canvi la realitat \u00e9s que es rentaven dos o tres cops al dia amb aigua i sab\u00f3 i que un cop per setmana es banyaven als banys p\u00fablics de la ciutat.<\/span><\/span><\/p>\n<p><a href=\"https:\/\/agora.xtec.cat\/iesmallafre\/wp-content\/uploads\/usu105\/2019\/04\/55552029_2225757040824908_4172239490280062976_n.jpg\"><img loading=\"lazy\" decoding=\"async\" class=\"aligncenter size-full wp-image-15956\" src=\"https:\/\/agora.xtec.cat\/iesmallafre\/wp-content\/uploads\/usu105\/2019\/04\/55552029_2225757040824908_4172239490280062976_n.jpg\" alt=\"\" width=\"960\" height=\"720\" srcset=\"https:\/\/agora.xtec.cat\/iesmallafre\/wp-content\/uploads\/usu105\/2019\/04\/55552029_2225757040824908_4172239490280062976_n.jpg 960w, https:\/\/agora.xtec.cat\/iesmallafre\/wp-content\/uploads\/usu105\/2019\/04\/55552029_2225757040824908_4172239490280062976_n-300x225.jpg 300w, https:\/\/agora.xtec.cat\/iesmallafre\/wp-content\/uploads\/usu105\/2019\/04\/55552029_2225757040824908_4172239490280062976_n-768x576.jpg 768w, https:\/\/agora.xtec.cat\/iesmallafre\/wp-content\/uploads\/usu105\/2019\/04\/55552029_2225757040824908_4172239490280062976_n-200x150.jpg 200w\" sizes=\"auto, (max-width: 960px) 100vw, 960px\" \/><\/a><\/p>\n","protected":false},"excerpt":{"rendered":"<p>Avui hem visitat la bonica ciutat de Carcassona<br \/>\nHem fet un joc de pistes on la meitat del grup eren c\u00e0tars i l\u2019altra meitat eren inquisidors<br \/>\nEls c\u00e0tars havien d\u2019ordir un complot, i els inquisidors havien de descobrir aquest complot per detenir-los i empresonar-los. Hem fet dos&hellip;  <a href=\"https:\/\/agora.xtec.cat\/iesmallafre\/eso\/eso-4\/sortida-a-carcassone-4t-deso\/\" title=\"Read Sortida a Carcassone. 4t d&#8217;ESO\">Llegeix m\u00e9s\u00bb<\/a><\/p>\n","protected":false},"author":6,"featured_media":15956,"comment_status":"closed","ping_status":"closed","sticky":false,"template":"","format":"standard","meta":{"_bbp_topic_count":0,"_bbp_reply_count":0,"_bbp_total_topic_count":0,"_bbp_total_reply_count":0,"_bbp_voice_count":0,"_bbp_anonymous_reply_count":0,"_bbp_topic_count_hidden":0,"_bbp_reply_count_hidden":0,"_bbp_forum_subforum_count":0,"footnotes":""},"categories":[31,7],"tags":[105,39],"class_list":["post-15955","post","type-post","status-publish","format-standard","has-post-thumbnail","hentry","category-ampa","category-eso-4","tag-4teso","tag-sortides"],"post_mailing_queue_ids":[],"_links":{"self":[{"href":"https:\/\/agora.xtec.cat\/iesmallafre\/wp-json\/wp\/v2\/posts\/15955","targetHints":{"allow":["GET"]}}],"collection":[{"href":"https:\/\/agora.xtec.cat\/iesmallafre\/wp-json\/wp\/v2\/posts"}],"about":[{"href":"https:\/\/agora.xtec.cat\/iesmallafre\/wp-json\/wp\/v2\/types\/post"}],"author":[{"embeddable":true,"href":"https:\/\/agora.xtec.cat\/iesmallafre\/wp-json\/wp\/v2\/users\/6"}],"replies":[{"embeddable":true,"href":"https:\/\/agora.xtec.cat\/iesmallafre\/wp-json\/wp\/v2\/comments?post=15955"}],"version-history":[{"count":1,"href":"https:\/\/agora.xtec.cat\/iesmallafre\/wp-json\/wp\/v2\/posts\/15955\/revisions"}],"predecessor-version":[{"id":15957,"href":"https:\/\/agora.xtec.cat\/iesmallafre\/wp-json\/wp\/v2\/posts\/15955\/revisions\/15957"}],"wp:featuredmedia":[{"embeddable":true,"href":"https:\/\/agora.xtec.cat\/iesmallafre\/wp-json\/wp\/v2\/media\/15956"}],"wp:attachment":[{"href":"https:\/\/agora.xtec.cat\/iesmallafre\/wp-json\/wp\/v2\/media?parent=15955"}],"wp:term":[{"taxonomy":"category","embeddable":true,"href":"https:\/\/agora.xtec.cat\/iesmallafre\/wp-json\/wp\/v2\/categories?post=15955"},{"taxonomy":"post_tag","embeddable":true,"href":"https:\/\/agora.xtec.cat\/iesmallafre\/wp-json\/wp\/v2\/tags?post=15955"}],"curies":[{"name":"wp","href":"https:\/\/api.w.org\/{rel}","templated":true}]}}