{"id":1554,"date":"2018-12-17T18:09:28","date_gmt":"2018-12-17T17:09:28","guid":{"rendered":"http:\/\/agora.xtec.cat\/iesmallafre\/?p=1554"},"modified":"2019-02-24T18:11:55","modified_gmt":"2019-02-24T17:11:55","slug":"equips-cadet-i-juvenil-de-voleibol-del-mallafre","status":"publish","type":"post","link":"https:\/\/agora.xtec.cat\/iesmallafre\/general\/equips-cadet-i-juvenil-de-voleibol-del-mallafre\/","title":{"rendered":"Equips cadet i juvenil de voleibol del Mallafr\u00e8"},"content":{"rendered":"<p style=\"background: white; margin: 4.5pt 0cm .0001pt 0cm;\"><span style=\"font-size: 10.5pt; font-family: 'Helvetica','sans-serif'; color: #1d2129; background: white;\">Dissabte passat, els equips cadet i juvenil de voleibol del Mallafr\u00e8, de Segona divisi\u00f3, van jugar contra Sant Fruit\u00f3s de Bages. El cadet i el juvenil van fer uns grans partits. Van guanyar els dos, un 3-0 i l&#8217;altre 3-2, aix\u00ed que sumen 5 punts a la lliga conjunta. Els dos equips s&#8217;estan jugant la 4 posici\u00f3 amb Molins de Rei per jugar a la seg\u00fcent lliga i poder tenir l&#8217;oportunitat de pujar a Primera divisi\u00f3. Molta sort noies!!<\/span><\/p>\n<p><a href=\"https:\/\/agora.xtec.cat\/iesmallafre\/wp-content\/uploads\/usu105\/2019\/02\/48408615_2084641041603176_571519143321272320_n.jpg\"><img loading=\"lazy\" decoding=\"async\" class=\"aligncenter size-full wp-image-1555\" src=\"https:\/\/agora.xtec.cat\/iesmallafre\/wp-content\/uploads\/usu105\/2019\/02\/48408615_2084641041603176_571519143321272320_n.jpg\" alt=\"\" width=\"881\" height=\"881\" srcset=\"https:\/\/agora.xtec.cat\/iesmallafre\/wp-content\/uploads\/usu105\/2019\/02\/48408615_2084641041603176_571519143321272320_n.jpg 881w, https:\/\/agora.xtec.cat\/iesmallafre\/wp-content\/uploads\/usu105\/2019\/02\/48408615_2084641041603176_571519143321272320_n-150x150.jpg 150w, https:\/\/agora.xtec.cat\/iesmallafre\/wp-content\/uploads\/usu105\/2019\/02\/48408615_2084641041603176_571519143321272320_n-300x300.jpg 300w, https:\/\/agora.xtec.cat\/iesmallafre\/wp-content\/uploads\/usu105\/2019\/02\/48408615_2084641041603176_571519143321272320_n-768x768.jpg 768w\" sizes=\"auto, (max-width: 881px) 100vw, 881px\" \/><\/a> <a href=\"https:\/\/agora.xtec.cat\/iesmallafre\/wp-content\/uploads\/usu105\/2019\/02\/48374651_2084640884936525_202796699175878656_n.jpg\"><img loading=\"lazy\" decoding=\"async\" class=\"aligncenter size-large wp-image-1556\" src=\"https:\/\/agora.xtec.cat\/iesmallafre\/wp-content\/uploads\/usu105\/2019\/02\/48374651_2084640884936525_202796699175878656_n.jpg\" alt=\"\" width=\"960\" height=\"960\" srcset=\"https:\/\/agora.xtec.cat\/iesmallafre\/wp-content\/uploads\/usu105\/2019\/02\/48374651_2084640884936525_202796699175878656_n.jpg 960w, https:\/\/agora.xtec.cat\/iesmallafre\/wp-content\/uploads\/usu105\/2019\/02\/48374651_2084640884936525_202796699175878656_n-150x150.jpg 150w, https:\/\/agora.xtec.cat\/iesmallafre\/wp-content\/uploads\/usu105\/2019\/02\/48374651_2084640884936525_202796699175878656_n-300x300.jpg 300w, https:\/\/agora.xtec.cat\/iesmallafre\/wp-content\/uploads\/usu105\/2019\/02\/48374651_2084640884936525_202796699175878656_n-768x768.jpg 768w\" sizes=\"auto, (max-width: 960px) 100vw, 960px\" \/><\/a><\/p>\n","protected":false},"excerpt":{"rendered":"<p>Dissabte passat, els equips cadet i juvenil de voleibol del Mallafr\u00e8, de Segona divisi\u00f3, van jugar contra Sant Fruit\u00f3s de Bages. El cadet i el juvenil van fer uns grans partits. Van guanyar els dos, un 3-0 i l&#8217;altre 3-2, aix\u00ed que sumen 5 punts&hellip;  <a href=\"https:\/\/agora.xtec.cat\/iesmallafre\/general\/equips-cadet-i-juvenil-de-voleibol-del-mallafre\/\" title=\"Read Equips cadet i juvenil de voleibol del Mallafr\u00e8\">Llegeix m\u00e9s\u00bb<\/a><\/p>\n","protected":false},"author":6,"featured_media":1555,"comment_status":"closed","ping_status":"closed","sticky":false,"template":"","format":"standard","meta":{"_bbp_topic_count":0,"_bbp_reply_count":0,"_bbp_total_topic_count":0,"_bbp_total_reply_count":0,"_bbp_voice_count":0,"_bbp_anonymous_reply_count":0,"_bbp_topic_count_hidden":0,"_bbp_reply_count_hidden":0,"_bbp_forum_subforum_count":0,"footnotes":""},"categories":[31,1,29],"tags":[231],"class_list":["post-1554","post","type-post","status-publish","format-standard","has-post-thumbnail","hentry","category-ampa","category-general","category-portada","tag-voleibol"],"post_mailing_queue_ids":[],"_links":{"self":[{"href":"https:\/\/agora.xtec.cat\/iesmallafre\/wp-json\/wp\/v2\/posts\/1554","targetHints":{"allow":["GET"]}}],"collection":[{"href":"https:\/\/agora.xtec.cat\/iesmallafre\/wp-json\/wp\/v2\/posts"}],"about":[{"href":"https:\/\/agora.xtec.cat\/iesmallafre\/wp-json\/wp\/v2\/types\/post"}],"author":[{"embeddable":true,"href":"https:\/\/agora.xtec.cat\/iesmallafre\/wp-json\/wp\/v2\/users\/6"}],"replies":[{"embeddable":true,"href":"https:\/\/agora.xtec.cat\/iesmallafre\/wp-json\/wp\/v2\/comments?post=1554"}],"version-history":[{"count":1,"href":"https:\/\/agora.xtec.cat\/iesmallafre\/wp-json\/wp\/v2\/posts\/1554\/revisions"}],"predecessor-version":[{"id":1557,"href":"https:\/\/agora.xtec.cat\/iesmallafre\/wp-json\/wp\/v2\/posts\/1554\/revisions\/1557"}],"wp:featuredmedia":[{"embeddable":true,"href":"https:\/\/agora.xtec.cat\/iesmallafre\/wp-json\/wp\/v2\/media\/1555"}],"wp:attachment":[{"href":"https:\/\/agora.xtec.cat\/iesmallafre\/wp-json\/wp\/v2\/media?parent=1554"}],"wp:term":[{"taxonomy":"category","embeddable":true,"href":"https:\/\/agora.xtec.cat\/iesmallafre\/wp-json\/wp\/v2\/categories?post=1554"},{"taxonomy":"post_tag","embeddable":true,"href":"https:\/\/agora.xtec.cat\/iesmallafre\/wp-json\/wp\/v2\/tags?post=1554"}],"curies":[{"name":"wp","href":"https:\/\/api.w.org\/{rel}","templated":true}]}}