{"id":1512,"date":"2019-02-06T16:47:38","date_gmt":"2019-02-06T15:47:38","guid":{"rendered":"http:\/\/agora.xtec.cat\/iesmallafre\/?p=1512"},"modified":"2019-03-07T13:01:42","modified_gmt":"2019-03-07T12:01:42","slug":"concurs-de-disseny-de-carpeta-del-centre","status":"publish","type":"post","link":"https:\/\/agora.xtec.cat\/iesmallafre\/general\/concurs-de-disseny-de-carpeta-del-centre\/","title":{"rendered":"Concurs de disseny de carpeta del centre"},"content":{"rendered":"<p><a href=\"https:\/\/agora.xtec.cat\/iesmallafre\/wp-content\/uploads\/usu105\/2019\/02\/Webp.net-resizeimage.jpg\"><img loading=\"lazy\" decoding=\"async\" class=\"aligncenter size-full wp-image-1520\" src=\"https:\/\/agora.xtec.cat\/iesmallafre\/wp-content\/uploads\/usu105\/2019\/02\/Webp.net-resizeimage.jpg\" alt=\"\" width=\"667\" height=\"412\" srcset=\"https:\/\/agora.xtec.cat\/iesmallafre\/wp-content\/uploads\/usu105\/2019\/02\/Webp.net-resizeimage.jpg 667w, https:\/\/agora.xtec.cat\/iesmallafre\/wp-content\/uploads\/usu105\/2019\/02\/Webp.net-resizeimage-300x185.jpg 300w\" sizes=\"auto, (max-width: 667px) 100vw, 667px\" \/><\/a><\/p>\n<p>Es posa en coneixement de tot l\u2019alumnat de l\u2019institut Dolors Mallafr\u00e8 i Ros que es convoca un concurs per dissenyar la carpeta de l\u2019institut pels propers anys. Les bases del concurs, aix\u00ed com una s\u00e8rie de documents adjunts, els podeu trobar en el curs de moodle de l\u2019institut\u00a0 CDC.<\/p>\n<p>Amb l\u2019enlla\u00e7 seg\u00fcent:<\/p>\n<p><a href=\"https:\/\/agora.xtec.cat\/iesmallafre\/moodle\/course\/view.php?id=3922\">https:\/\/agora.xtec.cat\/iesmallafre\/moodle\/course\/view.php?id=3922<\/a><\/p>\n<p>Els documents adjunts poden aclarir diferents aspectes a tenir en compte pel disseny de la carpeta.<\/p>\n<p>Si teniu algun dubte us podeu adre\u00e7ar als diferents professors del departament d\u2019Arts.<\/p>\n<p>Donar-vos per avan\u00e7at les gr\u00e0cies per la vostra participaci\u00f3<\/p>\n<p>&nbsp;<\/p>\n<p>Germ\u00e1n March<\/p>\n","protected":false},"excerpt":{"rendered":"<p><a href=\"https:\/\/agora.xtec.cat\/iesmallafre\/wp-content\/uploads\/usu105\/2019\/02\/Webp.net-resizeimage.jpg\"><\/a><br \/>\nEs posa en coneixement de tot l\u2019alumnat de l\u2019institut Dolors Mallafr\u00e8 i Ros que es convoca un concurs per dissenyar la carpeta de l\u2019institut pels propers anys. Les bases del concurs, aix\u00ed com una s\u00e8rie de documents adjunts, els podeu trobar en el curs&hellip;  <a href=\"https:\/\/agora.xtec.cat\/iesmallafre\/general\/concurs-de-disseny-de-carpeta-del-centre\/\" title=\"Read Concurs de disseny de carpeta del centre\">Llegeix m\u00e9s\u00bb<\/a><\/p>\n","protected":false},"author":6,"featured_media":1520,"comment_status":"closed","ping_status":"closed","sticky":false,"template":"","format":"standard","meta":{"_bbp_topic_count":0,"_bbp_reply_count":0,"_bbp_total_topic_count":0,"_bbp_total_reply_count":0,"_bbp_voice_count":0,"_bbp_anonymous_reply_count":0,"_bbp_topic_count_hidden":0,"_bbp_reply_count_hidden":0,"_bbp_forum_subforum_count":0,"footnotes":""},"categories":[31,8,3,1,29],"tags":[228,97],"class_list":["post-1512","post","type-post","status-publish","format-standard","has-post-thumbnail","hentry","category-ampa","category-batxillerat","category-eso","category-general","category-portada","tag-artsplastiques","tag-concursos"],"post_mailing_queue_ids":[],"_links":{"self":[{"href":"https:\/\/agora.xtec.cat\/iesmallafre\/wp-json\/wp\/v2\/posts\/1512","targetHints":{"allow":["GET"]}}],"collection":[{"href":"https:\/\/agora.xtec.cat\/iesmallafre\/wp-json\/wp\/v2\/posts"}],"about":[{"href":"https:\/\/agora.xtec.cat\/iesmallafre\/wp-json\/wp\/v2\/types\/post"}],"author":[{"embeddable":true,"href":"https:\/\/agora.xtec.cat\/iesmallafre\/wp-json\/wp\/v2\/users\/6"}],"replies":[{"embeddable":true,"href":"https:\/\/agora.xtec.cat\/iesmallafre\/wp-json\/wp\/v2\/comments?post=1512"}],"version-history":[{"count":2,"href":"https:\/\/agora.xtec.cat\/iesmallafre\/wp-json\/wp\/v2\/posts\/1512\/revisions"}],"predecessor-version":[{"id":1521,"href":"https:\/\/agora.xtec.cat\/iesmallafre\/wp-json\/wp\/v2\/posts\/1512\/revisions\/1521"}],"wp:featuredmedia":[{"embeddable":true,"href":"https:\/\/agora.xtec.cat\/iesmallafre\/wp-json\/wp\/v2\/media\/1520"}],"wp:attachment":[{"href":"https:\/\/agora.xtec.cat\/iesmallafre\/wp-json\/wp\/v2\/media?parent=1512"}],"wp:term":[{"taxonomy":"category","embeddable":true,"href":"https:\/\/agora.xtec.cat\/iesmallafre\/wp-json\/wp\/v2\/categories?post=1512"},{"taxonomy":"post_tag","embeddable":true,"href":"https:\/\/agora.xtec.cat\/iesmallafre\/wp-json\/wp\/v2\/tags?post=1512"}],"curies":[{"name":"wp","href":"https:\/\/api.w.org\/{rel}","templated":true}]}}