{"id":1474,"date":"2018-11-15T09:45:40","date_gmt":"2018-11-15T08:45:40","guid":{"rendered":"http:\/\/agora.xtec.cat\/iesmallafre\/?p=1474"},"modified":"2018-11-15T09:45:40","modified_gmt":"2018-11-15T08:45:40","slug":"yoga-a-1r-deso","status":"publish","type":"post","link":"https:\/\/agora.xtec.cat\/iesmallafre\/general\/yoga-a-1r-deso\/","title":{"rendered":"Yoga a 1r d&#8217;ESO"},"content":{"rendered":"<p>Els alumnes de 1er A han fet Kundalini yoga amb la Lali. Amb les meditacions, les t\u00e8cniques de respiraci\u00f3 i relaxaci\u00f3 amb bols tibetans han gaudit i apr\u00e8s com la ment es calma i el cos es relaxa.<a href=\"https:\/\/agora.xtec.cat\/iesmallafre\/wp-content\/uploads\/usu105\/2018\/11\/45620634_2033084470092167_7676351514352287744_n.jpg\"><img loading=\"lazy\" decoding=\"async\" class=\"aligncenter size-full wp-image-1475\" src=\"https:\/\/agora.xtec.cat\/iesmallafre\/wp-content\/uploads\/usu105\/2018\/11\/45620634_2033084470092167_7676351514352287744_n.jpg\" alt=\"\" width=\"800\" height=\"800\" srcset=\"https:\/\/agora.xtec.cat\/iesmallafre\/wp-content\/uploads\/usu105\/2018\/11\/45620634_2033084470092167_7676351514352287744_n.jpg 800w, https:\/\/agora.xtec.cat\/iesmallafre\/wp-content\/uploads\/usu105\/2018\/11\/45620634_2033084470092167_7676351514352287744_n-150x150.jpg 150w, https:\/\/agora.xtec.cat\/iesmallafre\/wp-content\/uploads\/usu105\/2018\/11\/45620634_2033084470092167_7676351514352287744_n-300x300.jpg 300w, https:\/\/agora.xtec.cat\/iesmallafre\/wp-content\/uploads\/usu105\/2018\/11\/45620634_2033084470092167_7676351514352287744_n-768x768.jpg 768w\" sizes=\"auto, (max-width: 800px) 100vw, 800px\" \/><\/a><\/p>\n","protected":false},"excerpt":{"rendered":"<p>Els alumnes de 1er A han fet Kundalini yoga amb la Lali. Amb les meditacions, les t\u00e8cniques de respiraci\u00f3 i relaxaci\u00f3 amb bols tibetans han gaudit i apr\u00e8s com la ment es calma i el cos es relaxa.<a href=\"https:\/\/agora.xtec.cat\/iesmallafre\/wp-content\/uploads\/usu105\/2018\/11\/45620634_2033084470092167_7676351514352287744_n.jpg\"><\/a><\/p>\n","protected":false},"author":6,"featured_media":1475,"comment_status":"closed","ping_status":"closed","sticky":false,"template":"","format":"standard","meta":{"_bbp_topic_count":0,"_bbp_reply_count":0,"_bbp_total_topic_count":0,"_bbp_total_reply_count":0,"_bbp_voice_count":0,"_bbp_anonymous_reply_count":0,"_bbp_topic_count_hidden":0,"_bbp_reply_count_hidden":0,"_bbp_forum_subforum_count":0,"footnotes":""},"categories":[31,4,1,29],"tags":[122,58,226],"class_list":["post-1474","post","type-post","status-publish","format-standard","has-post-thumbnail","hentry","category-ampa","category-eso-1","category-general","category-portada","tag-1reso","tag-tallers","tag-yoga"],"post_mailing_queue_ids":[],"_links":{"self":[{"href":"https:\/\/agora.xtec.cat\/iesmallafre\/wp-json\/wp\/v2\/posts\/1474","targetHints":{"allow":["GET"]}}],"collection":[{"href":"https:\/\/agora.xtec.cat\/iesmallafre\/wp-json\/wp\/v2\/posts"}],"about":[{"href":"https:\/\/agora.xtec.cat\/iesmallafre\/wp-json\/wp\/v2\/types\/post"}],"author":[{"embeddable":true,"href":"https:\/\/agora.xtec.cat\/iesmallafre\/wp-json\/wp\/v2\/users\/6"}],"replies":[{"embeddable":true,"href":"https:\/\/agora.xtec.cat\/iesmallafre\/wp-json\/wp\/v2\/comments?post=1474"}],"version-history":[{"count":1,"href":"https:\/\/agora.xtec.cat\/iesmallafre\/wp-json\/wp\/v2\/posts\/1474\/revisions"}],"predecessor-version":[{"id":1476,"href":"https:\/\/agora.xtec.cat\/iesmallafre\/wp-json\/wp\/v2\/posts\/1474\/revisions\/1476"}],"wp:featuredmedia":[{"embeddable":true,"href":"https:\/\/agora.xtec.cat\/iesmallafre\/wp-json\/wp\/v2\/media\/1475"}],"wp:attachment":[{"href":"https:\/\/agora.xtec.cat\/iesmallafre\/wp-json\/wp\/v2\/media?parent=1474"}],"wp:term":[{"taxonomy":"category","embeddable":true,"href":"https:\/\/agora.xtec.cat\/iesmallafre\/wp-json\/wp\/v2\/categories?post=1474"},{"taxonomy":"post_tag","embeddable":true,"href":"https:\/\/agora.xtec.cat\/iesmallafre\/wp-json\/wp\/v2\/tags?post=1474"}],"curies":[{"name":"wp","href":"https:\/\/api.w.org\/{rel}","templated":true}]}}