{"id":1436,"date":"2018-11-12T10:46:17","date_gmt":"2018-11-12T09:46:17","guid":{"rendered":"http:\/\/agora.xtec.cat\/iesmallafre\/?p=1436"},"modified":"2018-11-12T10:46:17","modified_gmt":"2018-11-12T09:46:17","slug":"activitat-a-sitges-frances-per-les-arts-esceniques","status":"publish","type":"post","link":"https:\/\/agora.xtec.cat\/iesmallafre\/general\/activitat-a-sitges-frances-per-les-arts-esceniques\/","title":{"rendered":"Activitat a Sitges Franc\u00e8s per les Arts Esc\u00e8niques"},"content":{"rendered":"<p>Aquest mat\u00ed els alumnes de 1r i 2n del batxillerat d&#8217;Arts Esc\u00e8niques i de la mat\u00e8ria optativa de Franc\u00e9s per les Arts Esc\u00e8niques, ens hem conegut m\u00e9s i hem compartit can\u00e7ons i experi\u00e8ncies en una jornada de cohesi\u00f3 dels dos grups. A m\u00e9s hem gaudit d&#8217;una pel\u2022l\u00edcula sobre m\u00fasica electr\u00f2nica, &#8220;Eden&#8221; (vosf), al Retiro.<\/p>\n<p>https:\/\/www.facebook.com\/142891655778134\/videos\/166765487612030\/<\/p>\n","protected":false},"excerpt":{"rendered":"<p>Aquest mat\u00ed els alumnes de 1r i 2n del batxillerat d&#8217;Arts Esc\u00e8niques i de la mat\u00e8ria optativa de Franc\u00e9s per les Arts Esc\u00e8niques, ens hem conegut m\u00e9s i hem compartit can\u00e7ons i experi\u00e8ncies en una jornada de cohesi\u00f3 dels dos grups. A m\u00e9s hem gaudit&hellip;  <a href=\"https:\/\/agora.xtec.cat\/iesmallafre\/general\/activitat-a-sitges-frances-per-les-arts-esceniques\/\" title=\"Read Activitat a Sitges Franc\u00e8s per les Arts Esc\u00e8niques\">Llegeix m\u00e9s\u00bb<\/a><\/p>\n","protected":false},"author":6,"featured_media":0,"comment_status":"closed","ping_status":"closed","sticky":false,"template":"","format":"standard","meta":{"_bbp_topic_count":0,"_bbp_reply_count":0,"_bbp_total_topic_count":0,"_bbp_total_reply_count":0,"_bbp_voice_count":0,"_bbp_anonymous_reply_count":0,"_bbp_topic_count_hidden":0,"_bbp_reply_count_hidden":0,"_bbp_forum_subforum_count":0,"footnotes":""},"categories":[31,8,1,29],"tags":[102,225,39],"class_list":["post-1436","post","type-post","status-publish","format-standard","hentry","category-ampa","category-batxillerat","category-general","category-portada","tag-batxillerat","tag-esceniques","tag-sortides"],"post_mailing_queue_ids":[],"_links":{"self":[{"href":"https:\/\/agora.xtec.cat\/iesmallafre\/wp-json\/wp\/v2\/posts\/1436","targetHints":{"allow":["GET"]}}],"collection":[{"href":"https:\/\/agora.xtec.cat\/iesmallafre\/wp-json\/wp\/v2\/posts"}],"about":[{"href":"https:\/\/agora.xtec.cat\/iesmallafre\/wp-json\/wp\/v2\/types\/post"}],"author":[{"embeddable":true,"href":"https:\/\/agora.xtec.cat\/iesmallafre\/wp-json\/wp\/v2\/users\/6"}],"replies":[{"embeddable":true,"href":"https:\/\/agora.xtec.cat\/iesmallafre\/wp-json\/wp\/v2\/comments?post=1436"}],"version-history":[{"count":1,"href":"https:\/\/agora.xtec.cat\/iesmallafre\/wp-json\/wp\/v2\/posts\/1436\/revisions"}],"predecessor-version":[{"id":1437,"href":"https:\/\/agora.xtec.cat\/iesmallafre\/wp-json\/wp\/v2\/posts\/1436\/revisions\/1437"}],"wp:attachment":[{"href":"https:\/\/agora.xtec.cat\/iesmallafre\/wp-json\/wp\/v2\/media?parent=1436"}],"wp:term":[{"taxonomy":"category","embeddable":true,"href":"https:\/\/agora.xtec.cat\/iesmallafre\/wp-json\/wp\/v2\/categories?post=1436"},{"taxonomy":"post_tag","embeddable":true,"href":"https:\/\/agora.xtec.cat\/iesmallafre\/wp-json\/wp\/v2\/tags?post=1436"}],"curies":[{"name":"wp","href":"https:\/\/api.w.org\/{rel}","templated":true}]}}