{"id":1426,"date":"2018-10-27T18:01:14","date_gmt":"2018-10-27T16:01:14","guid":{"rendered":"http:\/\/agora.xtec.cat\/iesmallafre\/?p=1426"},"modified":"2018-10-27T18:01:14","modified_gmt":"2018-10-27T16:01:14","slug":"equip-del-campionat-interescolar-de-cub-de-rubik","status":"publish","type":"post","link":"https:\/\/agora.xtec.cat\/iesmallafre\/general\/equip-del-campionat-interescolar-de-cub-de-rubik\/","title":{"rendered":"Equip del Campionat interescolar de Cub de Rubik"},"content":{"rendered":"<p>Aquest curs, el departament de matem\u00e0tiques, torna a presentar al campionat interescolar de Cub de Rubik un equip que est\u00e0 format pels alumnes Gerard Justicia, Rub\u00e9n Martinez, Inge Eslava, Ruth Guerrero i Jes\u00fas Baig.<\/p>\n<p>La primera fase es fa al mateix centre i s&#8217;envia en format video.<\/p>\n<p>Aquest mat\u00ed s&#8217;ha enregistrat la primera prova d&#8217;aquesta fase.<\/p>\n<div class=\"text_exposed_show\">\n<p>Aqu\u00ed els podeu veure practicant abans de comen\u00e7ar mentre l&#8217;equip t\u00e8cnic preparava les camares. En la prova d&#8217;avui havien de resoldre 20 cubs en el menor temps possible. Ho han fet SUPERIORMENT B\u00c9.<\/p>\n<p>Divendres realitzaran la segona prova en la que han de resoldre el major nombre de cubs en cinc minuts.<\/p>\n<p>Gr\u00e0cies a Carme Lara i als seus alumnes d&#8217;audiovisual per la seva ajuda en la part t\u00e8cnica del concurs.<\/p>\n<p><a href=\"https:\/\/agora.xtec.cat\/iesmallafre\/wp-content\/uploads\/usu105\/2018\/10\/44783299_2009544915779456_2256503567378546688_n.jpg\"><img loading=\"lazy\" decoding=\"async\" class=\"aligncenter size-full wp-image-1427\" src=\"https:\/\/agora.xtec.cat\/iesmallafre\/wp-content\/uploads\/usu105\/2018\/10\/44783299_2009544915779456_2256503567378546688_n.jpg\" alt=\"\" width=\"960\" height=\"720\" srcset=\"https:\/\/agora.xtec.cat\/iesmallafre\/wp-content\/uploads\/usu105\/2018\/10\/44783299_2009544915779456_2256503567378546688_n.jpg 960w, https:\/\/agora.xtec.cat\/iesmallafre\/wp-content\/uploads\/usu105\/2018\/10\/44783299_2009544915779456_2256503567378546688_n-300x225.jpg 300w, https:\/\/agora.xtec.cat\/iesmallafre\/wp-content\/uploads\/usu105\/2018\/10\/44783299_2009544915779456_2256503567378546688_n-768x576.jpg 768w, https:\/\/agora.xtec.cat\/iesmallafre\/wp-content\/uploads\/usu105\/2018\/10\/44783299_2009544915779456_2256503567378546688_n-200x150.jpg 200w\" sizes=\"auto, (max-width: 960px) 100vw, 960px\" \/><\/a><a href=\"https:\/\/agora.xtec.cat\/iesmallafre\/wp-content\/uploads\/usu105\/2018\/10\/44786415_2009544765779471_6999911452475654144_n.jpg\"><img loading=\"lazy\" decoding=\"async\" class=\"aligncenter size-large wp-image-1428\" src=\"https:\/\/agora.xtec.cat\/iesmallafre\/wp-content\/uploads\/usu105\/2018\/10\/44786415_2009544765779471_6999911452475654144_n.jpg\" alt=\"\" width=\"960\" height=\"720\" srcset=\"https:\/\/agora.xtec.cat\/iesmallafre\/wp-content\/uploads\/usu105\/2018\/10\/44786415_2009544765779471_6999911452475654144_n.jpg 960w, https:\/\/agora.xtec.cat\/iesmallafre\/wp-content\/uploads\/usu105\/2018\/10\/44786415_2009544765779471_6999911452475654144_n-300x225.jpg 300w, https:\/\/agora.xtec.cat\/iesmallafre\/wp-content\/uploads\/usu105\/2018\/10\/44786415_2009544765779471_6999911452475654144_n-768x576.jpg 768w, https:\/\/agora.xtec.cat\/iesmallafre\/wp-content\/uploads\/usu105\/2018\/10\/44786415_2009544765779471_6999911452475654144_n-200x150.jpg 200w\" sizes=\"auto, (max-width: 960px) 100vw, 960px\" \/><\/a><\/p>\n<\/div>\n","protected":false},"excerpt":{"rendered":"<p>Aquest curs, el departament de matem\u00e0tiques, torna a presentar al campionat interescolar de Cub de Rubik un equip que est\u00e0 format pels alumnes Gerard Justicia, Rub\u00e9n Martinez, Inge Eslava, Ruth Guerrero i Jes\u00fas Baig.<br \/>\nLa primera fase es fa al mateix centre i s&#8217;envia en format&hellip;  <a href=\"https:\/\/agora.xtec.cat\/iesmallafre\/general\/equip-del-campionat-interescolar-de-cub-de-rubik\/\" title=\"Read Equip del Campionat interescolar de Cub de Rubik\">Llegeix m\u00e9s\u00bb<\/a><\/p>\n","protected":false},"author":6,"featured_media":1428,"comment_status":"closed","ping_status":"closed","sticky":false,"template":"","format":"standard","meta":{"_bbp_topic_count":0,"_bbp_reply_count":0,"_bbp_total_topic_count":0,"_bbp_total_reply_count":0,"_bbp_voice_count":0,"_bbp_anonymous_reply_count":0,"_bbp_topic_count_hidden":0,"_bbp_reply_count_hidden":0,"_bbp_forum_subforum_count":0,"footnotes":""},"categories":[31,3,1,29],"tags":[89,41,189],"class_list":["post-1426","post","type-post","status-publish","format-standard","has-post-thumbnail","hentry","category-ampa","category-eso","category-general","category-portada","tag-eso","tag-matematiques","tag-rubik"],"post_mailing_queue_ids":[],"_links":{"self":[{"href":"https:\/\/agora.xtec.cat\/iesmallafre\/wp-json\/wp\/v2\/posts\/1426","targetHints":{"allow":["GET"]}}],"collection":[{"href":"https:\/\/agora.xtec.cat\/iesmallafre\/wp-json\/wp\/v2\/posts"}],"about":[{"href":"https:\/\/agora.xtec.cat\/iesmallafre\/wp-json\/wp\/v2\/types\/post"}],"author":[{"embeddable":true,"href":"https:\/\/agora.xtec.cat\/iesmallafre\/wp-json\/wp\/v2\/users\/6"}],"replies":[{"embeddable":true,"href":"https:\/\/agora.xtec.cat\/iesmallafre\/wp-json\/wp\/v2\/comments?post=1426"}],"version-history":[{"count":1,"href":"https:\/\/agora.xtec.cat\/iesmallafre\/wp-json\/wp\/v2\/posts\/1426\/revisions"}],"predecessor-version":[{"id":1430,"href":"https:\/\/agora.xtec.cat\/iesmallafre\/wp-json\/wp\/v2\/posts\/1426\/revisions\/1430"}],"wp:featuredmedia":[{"embeddable":true,"href":"https:\/\/agora.xtec.cat\/iesmallafre\/wp-json\/wp\/v2\/media\/1428"}],"wp:attachment":[{"href":"https:\/\/agora.xtec.cat\/iesmallafre\/wp-json\/wp\/v2\/media?parent=1426"}],"wp:term":[{"taxonomy":"category","embeddable":true,"href":"https:\/\/agora.xtec.cat\/iesmallafre\/wp-json\/wp\/v2\/categories?post=1426"},{"taxonomy":"post_tag","embeddable":true,"href":"https:\/\/agora.xtec.cat\/iesmallafre\/wp-json\/wp\/v2\/tags?post=1426"}],"curies":[{"name":"wp","href":"https:\/\/api.w.org\/{rel}","templated":true}]}}