{"id":1319,"date":"2018-06-22T11:23:59","date_gmt":"2018-06-22T09:23:59","guid":{"rendered":"http:\/\/agora.xtec.cat\/iesmallafre\/?p=1319"},"modified":"2018-07-09T13:48:57","modified_gmt":"2018-07-09T11:48:57","slug":"llibres-de-text-curs-2018-2019","status":"publish","type":"post","link":"https:\/\/agora.xtec.cat\/iesmallafre\/general\/llibres-de-text-curs-2018-2019\/","title":{"rendered":"Llibres de text curs 2018-2019"},"content":{"rendered":"<p>Podeu accedir al llistat de llibres per cursos des de l&#8217;opci\u00f3 men\u00fa a la part superior dreta de la p\u00e0gina web i al men\u00fa desplegable seleccionar &#8220;llibres de text 2018-2019&#8221;.<\/p>\n<p>Tamb\u00e9 podeu accedir des de aquest <a href=\"http:\/\/agora.xtec.cat\/iesmallafre\/general\/llibres-de-text-2018-2019\/\">enlla\u00e7<\/a><\/p>\n","protected":false},"excerpt":{"rendered":"<p>Podeu accedir al llistat de llibres per cursos des de l&#8217;opci\u00f3 men\u00fa a la part superior dreta de la p\u00e0gina web i al men\u00fa desplegable seleccionar &#8220;llibres de text 2018-2019&#8221;.<br \/>\nTamb\u00e9 podeu accedir des de aquest <a href=\"http:\/\/agora.xtec.cat\/iesmallafre\/general\/llibres-de-text-2018-2019\/\">enlla\u00e7<\/a><\/p>\n","protected":false},"author":6,"featured_media":0,"comment_status":"closed","ping_status":"closed","sticky":false,"template":"","format":"standard","meta":{"_bbp_topic_count":0,"_bbp_reply_count":0,"_bbp_total_topic_count":0,"_bbp_total_reply_count":0,"_bbp_voice_count":0,"_bbp_anonymous_reply_count":0,"_bbp_topic_count_hidden":0,"_bbp_reply_count_hidden":0,"_bbp_forum_subforum_count":0,"footnotes":""},"categories":[31,8,3,1,29],"tags":[102,89,162],"class_list":["post-1319","post","type-post","status-publish","format-standard","hentry","category-ampa","category-batxillerat","category-eso","category-general","category-portada","tag-batxillerat","tag-eso","tag-lltext17-18"],"post_mailing_queue_ids":[],"_links":{"self":[{"href":"https:\/\/agora.xtec.cat\/iesmallafre\/wp-json\/wp\/v2\/posts\/1319","targetHints":{"allow":["GET"]}}],"collection":[{"href":"https:\/\/agora.xtec.cat\/iesmallafre\/wp-json\/wp\/v2\/posts"}],"about":[{"href":"https:\/\/agora.xtec.cat\/iesmallafre\/wp-json\/wp\/v2\/types\/post"}],"author":[{"embeddable":true,"href":"https:\/\/agora.xtec.cat\/iesmallafre\/wp-json\/wp\/v2\/users\/6"}],"replies":[{"embeddable":true,"href":"https:\/\/agora.xtec.cat\/iesmallafre\/wp-json\/wp\/v2\/comments?post=1319"}],"version-history":[{"count":1,"href":"https:\/\/agora.xtec.cat\/iesmallafre\/wp-json\/wp\/v2\/posts\/1319\/revisions"}],"predecessor-version":[{"id":1320,"href":"https:\/\/agora.xtec.cat\/iesmallafre\/wp-json\/wp\/v2\/posts\/1319\/revisions\/1320"}],"wp:attachment":[{"href":"https:\/\/agora.xtec.cat\/iesmallafre\/wp-json\/wp\/v2\/media?parent=1319"}],"wp:term":[{"taxonomy":"category","embeddable":true,"href":"https:\/\/agora.xtec.cat\/iesmallafre\/wp-json\/wp\/v2\/categories?post=1319"},{"taxonomy":"post_tag","embeddable":true,"href":"https:\/\/agora.xtec.cat\/iesmallafre\/wp-json\/wp\/v2\/tags?post=1319"}],"curies":[{"name":"wp","href":"https:\/\/api.w.org\/{rel}","templated":true}]}}