{"id":1300,"date":"2018-06-20T11:46:27","date_gmt":"2018-06-20T09:46:27","guid":{"rendered":"http:\/\/agora.xtec.cat\/iesmallafre\/?p=1300"},"modified":"2018-07-18T10:01:13","modified_gmt":"2018-07-18T08:01:13","slug":"comiat-dels-alumnes-de-4tdeso-20172018","status":"publish","type":"post","link":"https:\/\/agora.xtec.cat\/iesmallafre\/general\/comiat-dels-alumnes-de-4tdeso-20172018\/","title":{"rendered":"COMIAT DELS ALUMNES DE 4Td&#8217;ESO 2017\/2018"},"content":{"rendered":"<p>Avui dimecres 20, com estava previst, a les 19.30h., acomiadarem als nostres alumnes de 4t.<\/p>\n<p>Tindrem parlaments de direcci\u00f3, tutors i delegats. Tamb\u00e9 projecci\u00f3 del curt del Reaccion@, actuaci\u00f3 musical, i si tot acaba d&#8217;anar b\u00e9, muntatge fotogr\u00e0fic del seu pas pel centre i anuncis que van crear dins del Projecte &#8220;Que no et venguin la moto&#8221;.<\/p>\n<p>Acabarem amb el s\u00faper pica-pica que ens convida l&#8217;AMPA.<\/p>\n<p>Hi esteu tots convidats!!<\/p>\n<p><a href=\"http:\/\/agora.xtec.cat\/iesmallafre\/wp-content\/uploads\/usu105\/2018\/06\/IMG-20180620-WA0000.jpg\"><img loading=\"lazy\" decoding=\"async\" class=\"aligncenter size-large wp-image-1301\" src=\"http:\/\/agora.xtec.cat\/iesmallafre\/wp-content\/uploads\/usu105\/2018\/06\/IMG-20180620-WA0000-1024x1024.jpg\" alt=\"\" width=\"1024\" height=\"1024\" srcset=\"https:\/\/agora.xtec.cat\/iesmallafre\/wp-content\/uploads\/usu105\/2018\/06\/IMG-20180620-WA0000-1024x1024.jpg 1024w, https:\/\/agora.xtec.cat\/iesmallafre\/wp-content\/uploads\/usu105\/2018\/06\/IMG-20180620-WA0000-150x150.jpg 150w, https:\/\/agora.xtec.cat\/iesmallafre\/wp-content\/uploads\/usu105\/2018\/06\/IMG-20180620-WA0000-300x300.jpg 300w, https:\/\/agora.xtec.cat\/iesmallafre\/wp-content\/uploads\/usu105\/2018\/06\/IMG-20180620-WA0000-768x768.jpg 768w, https:\/\/agora.xtec.cat\/iesmallafre\/wp-content\/uploads\/usu105\/2018\/06\/IMG-20180620-WA0000.jpg 1318w\" sizes=\"auto, (max-width: 1024px) 100vw, 1024px\" \/><\/a><\/p>\n","protected":false},"excerpt":{"rendered":"<p>Avui dimecres 20, com estava previst, a les 19.30h., acomiadarem als nostres alumnes de 4t.<br \/>\nTindrem parlaments de direcci\u00f3, tutors i delegats. Tamb\u00e9 projecci\u00f3 del curt del Reaccion@, actuaci\u00f3 musical, i si tot acaba d&#8217;anar b\u00e9, muntatge fotogr\u00e0fic del seu pas pel centre i anuncis que&hellip;  <a href=\"https:\/\/agora.xtec.cat\/iesmallafre\/general\/comiat-dels-alumnes-de-4tdeso-20172018\/\" title=\"Read COMIAT DELS ALUMNES DE 4Td&#8217;ESO 2017\/2018\">Llegeix m\u00e9s\u00bb<\/a><\/p>\n","protected":false},"author":6,"featured_media":1301,"comment_status":"closed","ping_status":"closed","sticky":false,"template":"","format":"standard","meta":{"_bbp_topic_count":0,"_bbp_reply_count":0,"_bbp_total_topic_count":0,"_bbp_total_reply_count":0,"_bbp_voice_count":0,"_bbp_anonymous_reply_count":0,"_bbp_topic_count_hidden":0,"_bbp_reply_count_hidden":0,"_bbp_forum_subforum_count":0,"footnotes":""},"categories":[31,8,3,1,29],"tags":[105,164],"class_list":["post-1300","post","type-post","status-publish","format-standard","has-post-thumbnail","hentry","category-ampa","category-batxillerat","category-eso","category-general","category-portada","tag-4teso","tag-graduacions"],"post_mailing_queue_ids":[],"_links":{"self":[{"href":"https:\/\/agora.xtec.cat\/iesmallafre\/wp-json\/wp\/v2\/posts\/1300","targetHints":{"allow":["GET"]}}],"collection":[{"href":"https:\/\/agora.xtec.cat\/iesmallafre\/wp-json\/wp\/v2\/posts"}],"about":[{"href":"https:\/\/agora.xtec.cat\/iesmallafre\/wp-json\/wp\/v2\/types\/post"}],"author":[{"embeddable":true,"href":"https:\/\/agora.xtec.cat\/iesmallafre\/wp-json\/wp\/v2\/users\/6"}],"replies":[{"embeddable":true,"href":"https:\/\/agora.xtec.cat\/iesmallafre\/wp-json\/wp\/v2\/comments?post=1300"}],"version-history":[{"count":1,"href":"https:\/\/agora.xtec.cat\/iesmallafre\/wp-json\/wp\/v2\/posts\/1300\/revisions"}],"predecessor-version":[{"id":1302,"href":"https:\/\/agora.xtec.cat\/iesmallafre\/wp-json\/wp\/v2\/posts\/1300\/revisions\/1302"}],"wp:featuredmedia":[{"embeddable":true,"href":"https:\/\/agora.xtec.cat\/iesmallafre\/wp-json\/wp\/v2\/media\/1301"}],"wp:attachment":[{"href":"https:\/\/agora.xtec.cat\/iesmallafre\/wp-json\/wp\/v2\/media?parent=1300"}],"wp:term":[{"taxonomy":"category","embeddable":true,"href":"https:\/\/agora.xtec.cat\/iesmallafre\/wp-json\/wp\/v2\/categories?post=1300"},{"taxonomy":"post_tag","embeddable":true,"href":"https:\/\/agora.xtec.cat\/iesmallafre\/wp-json\/wp\/v2\/tags?post=1300"}],"curies":[{"name":"wp","href":"https:\/\/api.w.org\/{rel}","templated":true}]}}