{"id":1257,"date":"2018-05-06T10:51:44","date_gmt":"2018-05-06T08:51:44","guid":{"rendered":"http:\/\/agora.xtec.cat\/iesmallafre\/?p=1257"},"modified":"2018-06-13T13:55:36","modified_gmt":"2018-06-13T11:55:36","slug":"preinscripcio-batxillerat-20182019","status":"publish","type":"post","link":"https:\/\/agora.xtec.cat\/iesmallafre\/general\/preinscripcio-batxillerat-20182019\/","title":{"rendered":"Preinscripci\u00f3 Batxillerat 2018\/2019"},"content":{"rendered":"<p>Informaci\u00f3 sobre la preinscripci\u00f3 de Batxillerat pel curs 2018\/2019 (del 14 al 24 de maig)<\/p>\n<p>Presentaci\u00f3 de sol\u00b7licituds, Calendari de Preinscripci\u00f3 i Matr\u00eccula, Documentaci\u00f3 a presentar i Criteris d&#8217;admisi\u00f3<\/p>\n<p><a href=\"https:\/\/agora.xtec.cat\/iesmallafre\/docs\/preinscripcio-batxillerat-20182019-informacio-general\/?bp-attachment=infopreinsbat.docx\">Informaci\u00f3 general\u00a0<\/a><\/p>\n<p><a href=\"https:\/\/agora.xtec.cat\/iesmallafre\/docs\/sol-licitud-preinscripcio-batxillerat-20182019\/?bp-attachment=Sol%C2%B7licitud-batxillerat.pdf\">SOL\u00b7LICITUD DE PREINSCRIPCI\u00d3 BATXILLERAT CURS 2018\/2019 (NOU)<\/a><\/p>\n<p><a href=\"https:\/\/agora.xtec.cat\/iesmallafre\/docs\/documentacio-terminis-i-autoritzacions-preinscripcio-batxillerat-2018-2019\/?bp-attachment=DOCPREINSBATXILLERAT.docx\">Documentaci\u00f3, terminis i autoritzacions<\/a><\/p>\n<p>Podeu trobar tota la informaci\u00f3 de la preinscripci\u00f3 i matr\u00edcula als seg\u00fcents links de la Generalitat:<\/p>\n<p><a href=\"http:\/\/queestudiar.gencat.cat\/ca\/preinscripcio\/\">http:\/\/queestudiar.gencat.cat\/ca\/preinscripcio\/<\/a><\/p>\n<p><a href=\"http:\/\/www.imet.cat\/index.php?page=preinscripcio-curs-2018-2019\" target=\"_blank\" rel=\"noopener noreferrer\" data-saferedirecturl=\"https:\/\/www.google.com\/url?hl=ca&amp;q=http:\/\/www.imet.cat\/index.php?page%3Dpreinscripcio-curs-2018-2019&amp;source=gmail&amp;ust=1522935790454000&amp;usg=AFQjCNGFstEqgrE5rJvJqwS5XGQXZZgqag\">http:\/\/www.imet.cat\/index.php?<wbr \/>page=preinscripcio-curs-2018-<wbr \/>2019<\/a><\/p>\n<p><a href=\"http:\/\/portaldogc.gencat.cat\/utilsEADOP\/PDF\/7591\/1668227.pdf\">http:\/\/portaldogc.gencat.cat\/utilsEADOP\/PDF\/7591\/1668227.pdf<\/a><\/p>\n","protected":false},"excerpt":{"rendered":"<p>Informaci\u00f3 sobre la preinscripci\u00f3 de Batxillerat pel curs 2018\/2019 (del 14 al 24 de maig)<br \/>\nPresentaci\u00f3 de sol\u00b7licituds, Calendari de Preinscripci\u00f3 i Matr\u00eccula, Documentaci\u00f3 a presentar i Criteris d&#8217;admisi\u00f3<br \/>\n<a href=\"https:\/\/agora.xtec.cat\/iesmallafre\/docs\/preinscripcio-batxillerat-20182019-informacio-general\/?bp-attachment=infopreinsbat.docx\">Informaci\u00f3 general\u00a0<\/a><br \/>\n<a href=\"https:\/\/agora.xtec.cat\/iesmallafre\/docs\/sol-licitud-preinscripcio-batxillerat-20182019\/?bp-attachment=Sol%C2%B7licitud-batxillerat.pdf\">SOL\u00b7LICITUD DE PREINSCRIPCI\u00d3 BATXILLERAT CURS 2018\/2019 (NOU)<\/a><br \/>\n<a href=\"https:\/\/agora.xtec.cat\/iesmallafre\/docs\/documentacio-terminis-i-autoritzacions-preinscripcio-batxillerat-2018-2019\/?bp-attachment=DOCPREINSBATXILLERAT.docx\">Documentaci\u00f3, terminis i autoritzacions<\/a><br \/>\nPodeu trobar tota la informaci\u00f3&hellip;  <a href=\"https:\/\/agora.xtec.cat\/iesmallafre\/general\/preinscripcio-batxillerat-20182019\/\" title=\"Read Preinscripci\u00f3 Batxillerat 2018\/2019\">Llegeix m\u00e9s\u00bb<\/a><\/p>\n","protected":false},"author":6,"featured_media":0,"comment_status":"closed","ping_status":"closed","sticky":false,"template":"","format":"standard","meta":{"_bbp_topic_count":0,"_bbp_reply_count":0,"_bbp_total_topic_count":0,"_bbp_total_reply_count":0,"_bbp_voice_count":0,"_bbp_anonymous_reply_count":0,"_bbp_topic_count_hidden":0,"_bbp_reply_count_hidden":0,"_bbp_forum_subforum_count":0,"footnotes":""},"categories":[31,8,1,29],"tags":[210,102,206],"class_list":["post-1257","post","type-post","status-publish","format-standard","hentry","category-ampa","category-batxillerat","category-general","category-portada","tag-2018-2019","tag-batxillerat","tag-preinscripcio"],"post_mailing_queue_ids":[],"_links":{"self":[{"href":"https:\/\/agora.xtec.cat\/iesmallafre\/wp-json\/wp\/v2\/posts\/1257","targetHints":{"allow":["GET"]}}],"collection":[{"href":"https:\/\/agora.xtec.cat\/iesmallafre\/wp-json\/wp\/v2\/posts"}],"about":[{"href":"https:\/\/agora.xtec.cat\/iesmallafre\/wp-json\/wp\/v2\/types\/post"}],"author":[{"embeddable":true,"href":"https:\/\/agora.xtec.cat\/iesmallafre\/wp-json\/wp\/v2\/users\/6"}],"replies":[{"embeddable":true,"href":"https:\/\/agora.xtec.cat\/iesmallafre\/wp-json\/wp\/v2\/comments?post=1257"}],"version-history":[{"count":3,"href":"https:\/\/agora.xtec.cat\/iesmallafre\/wp-json\/wp\/v2\/posts\/1257\/revisions"}],"predecessor-version":[{"id":1275,"href":"https:\/\/agora.xtec.cat\/iesmallafre\/wp-json\/wp\/v2\/posts\/1257\/revisions\/1275"}],"wp:attachment":[{"href":"https:\/\/agora.xtec.cat\/iesmallafre\/wp-json\/wp\/v2\/media?parent=1257"}],"wp:term":[{"taxonomy":"category","embeddable":true,"href":"https:\/\/agora.xtec.cat\/iesmallafre\/wp-json\/wp\/v2\/categories?post=1257"},{"taxonomy":"post_tag","embeddable":true,"href":"https:\/\/agora.xtec.cat\/iesmallafre\/wp-json\/wp\/v2\/tags?post=1257"}],"curies":[{"name":"wp","href":"https:\/\/api.w.org\/{rel}","templated":true}]}}