{"id":1247,"date":"2018-04-09T09:11:37","date_gmt":"2018-04-09T07:11:37","guid":{"rendered":"http:\/\/agora.xtec.cat\/iesmallafre\/?p=1247"},"modified":"2018-05-03T10:42:13","modified_gmt":"2018-05-03T08:42:13","slug":"concursos-sant-jordi-2018","status":"publish","type":"post","link":"https:\/\/agora.xtec.cat\/iesmallafre\/general\/concursos-sant-jordi-2018\/","title":{"rendered":"CONCURSOS SANT JORDI 2018"},"content":{"rendered":"<p><a href=\"http:\/\/agora.xtec.cat\/iesmallafre\/wp-content\/uploads\/usu105\/2018\/04\/30124486_1747678641966086_8038280478182317527_n.jpg\"><img loading=\"lazy\" decoding=\"async\" class=\"aligncenter size-full wp-image-1248\" src=\"http:\/\/agora.xtec.cat\/iesmallafre\/wp-content\/uploads\/usu105\/2018\/04\/30124486_1747678641966086_8038280478182317527_n.jpg\" alt=\"\" width=\"435\" height=\"550\" srcset=\"https:\/\/agora.xtec.cat\/iesmallafre\/wp-content\/uploads\/usu105\/2018\/04\/30124486_1747678641966086_8038280478182317527_n.jpg 435w, https:\/\/agora.xtec.cat\/iesmallafre\/wp-content\/uploads\/usu105\/2018\/04\/30124486_1747678641966086_8038280478182317527_n-237x300.jpg 237w\" sizes=\"auto, (max-width: 435px) 100vw, 435px\" \/><\/a><\/p>\n<p>CONVOCAT\u00d2RIA :<br \/>\nAmb motiu de la Diada de Sant Jordi el proper 23 d&#8217;abril, l&#8217;Institut Dolors Mallafr\u00e8 presenta un any m\u00e9s la convocat\u00f2ria dels Premis Sant Jordi 2018 dins les modalitats que es detallaran tot seguit, i que s\u2019adrecen a tot l&#8217;alumnat del centre.<\/p>\n<p>At\u00e8s el car\u00e0cter eminentment cultural d&#8217;aquesta data i donat que la diada de Sant Jordi representa, a m\u00e9s d&#8217;un acte cultural, una celebraci\u00f3 de la conviv\u00e8ncia, l&#8217;Institut convida a la col\u00b7laboraci\u00f3 i cooperaci\u00f3 de tots els membres de la comunitat escolar. Tot l&#8217;alumnat del centre resta convidat a participar en les modalitats de concurs proposades per tal de vestir de festa el nostre Institut.<\/p>\n<p>Les modalitats a concurs s\u00f3n les seg\u00fcents:<\/p>\n<p>CATEGORIES<\/p>\n<p>1.- CONCURS DE NARRACI\u00d3<\/p>\n<p>Els treballs tindran un m\u00e0xim de 3 fulls mida DIN A-4, escrits a una sola cara i a doble espai, processats per ordinador i enquadernats adequadament. Les narracions poden ser presentades en catal\u00e0 o castell\u00e0. Cada llengua constitueix tamb\u00e9 una categoria independent. En tots dos casos hauran de ser correctament presentats i lliurats al jurat (sense esmenes i errades ortogr\u00e0fiques).<\/p>\n<p>2.- CONCURS DE POESIA<\/p>\n<p>Els treballs tindran un m\u00e0xim de 30 versos, escrits a una sola cara i a doble espai, processats per ordinador.<br \/>\nLes composicions poden ser presentades en catal\u00e0 o castell\u00e0. Cada llengua constitueix una categoria independent. En tots dos casos hauran de ser correctament presentats i lliurats al jurat (aix\u00f2 \u00e9s, exempts d&#8217;esmenes i errades ortogr\u00e0fiques).<\/p>\n<p>3.- CONCURS DE CAN\u00c7ONS (LLETRA I M\u00daSICA)<\/p>\n<p>Les can\u00e7ons no poden durar m\u00e9s de 3 minuts. S\u2019haur\u00e0 de presentar la lletra per escrit i una maqueta amb la lletra i m\u00fasica gravada en qualsevol suport. El tema ser\u00e0 lliure. En aquest concurs participaran tots els alumnes en una mateixa categoria. Presentar el material a qualsevol dels professors de m\u00fasica del centre.<\/p>\n<p>4.- CONCURS D\u2019IL\u00b7LUSTRACI\u00d3<\/p>\n<p>El departament d\u2019Arts convoca un concurs d\u2019il\u00b7lustraci\u00f3. Hi pot participar tot l\u2019alumnat de l\u2019institut Dolors Mallafr\u00e8. S\u2019estableixen dues categories: una per alumnat d\u2019ESO i un altra per alumnes de batxillerat.<br \/>\nLes il\u00b7lustracions han de correspondre a un poema, can\u00e7\u00f3, text breu d\u2019un autor reconegut. Cal posar el nom de l\u2019autor i del text (llibre d\u2019on se\u2019n extreu el poema per exemple) de manera visible.<br \/>\nLa il\u00b7lustraci\u00f3 es pot fer en qualsevol t\u00e8cnica.<\/p>\n<p>Els treballs s\u2019han de presentar en un full DIN A3, preferentment en posici\u00f3 vertical, amb el text i la il\u00b7lustraci\u00f3. La il\u00b7lustraci\u00f3 pot ser independent del text o b\u00e9 integrar-se amb aquest. Es poden deixar marges. Els fulls no s\u2019han de doblegar o enrotllar, cal presentar-los plans.<\/p>\n<p>El termini de lliurament \u00e9s fins el dia 18 Abril 2018 a les 14.30 h. Es poden lliurar a qualsevol professor\/a del departament d\u2019arts.<br \/>\nEl treball es presentar\u00e0 sota pseud\u00f2nim, escrit a la part del darrera de la il\u00b7lustraci\u00f3. Conjuntament es presentar\u00e0 un sobre amb el pseud\u00f2nim a la part exterior i les dades de l\u2019alumne a l\u2019interior: nom, cognoms i curs.<br \/>\nEl lliurament dels premis es far\u00e0 durant l\u2019acte de celebraci\u00f3 de la diada de Sant Jordi.<\/p>\n<p>5.- FOTOGRAFIA MATEM\u00c0TICA.<\/p>\n<p>El l\u00edmit de presentaci\u00f3 es el 18 d&#8217;abril. Les normes del concurs estan publicades a Instagram.<\/p>\n<p>6.- CONCURS DE MAQUETES D&#8217;ADN<\/p>\n<p>El departament de ci\u00e8ncies convoca un concurs de maquetes d&#8217;ADN, hi haur\u00e0 dues categories: 4art d&#8217;ESO i primer de batxillerat.<br \/>\nLa maqueta es pot realitzar amb qualsevol tipus de material, valorant la que s&#8217;ajusti m\u00e9s al model cient\u00edfic, l&#8217;originalitat i el nombre de persones.<br \/>\nEs pot fer en grups de fins a quatre persones. S&#8217;ha d&#8217;entregar amb pseud\u00f2nim, indicant el nombre de persones participants.<\/p>\n<p>El termini d&#8217;entrega de la maqueta finalitza el dijous 18 d&#8217;abril. L&#8217;entrega es pot fer a qualsevol professor\/a del departament de ci\u00e8ncies experimental.<\/p>\n<p>7.- CONCURS LOGO PROGRAMA DE M\u00c0. EDICIONS NADAL I SANT JORDI (Alumnes 4t ESO TIC)<\/p>\n<p>Els alumnes de l&#8217;assignatura TIC de 4tESO poden participar en el concurs de creaci\u00f3 de un logo pels programes de m\u00e0 i cartells dels concerts de Nadal i Sant Jordi a trav\u00e9s de la creaci\u00f3 d&#8217;un disseny original fent servir les eines inform\u00e0tiques apreses a l&#8217;assignatura. Ha de ser un muntatge fotogr\u00e0fic o un disseny original amb les tem\u00e0tiques de Nadal i Sant Jordi i relacionat amb l&#8217;institut.<br \/>\nTermini de presentaci\u00f3: fins al dia <strong>15 d&#8217;abril incl\u00f3s a trav\u00e9s de Google Classroom.<\/strong><\/p>\n<p>8. &#8211; MARAT\u00d3 ORTOGR\u00c0FICA.<\/p>\n<p>Els alumnes de l\u2019ESO han hagut de superar, per nivells, un total de 8 proves al llarg dels dos primers trimestres a fi de demostrar la seva destresa ortogr\u00e0fica, tant de catal\u00e0 com de castell\u00e0. Durant les dues setmanes abans de Sant Jordi, els 10 alumnes que hagin obtingut millor puntuaci\u00f3 a les proves s\u2019hauran de presentar a una prova final que decidir\u00e0 els dos alumnes guanyadors de cada nivell.<br \/>\nAquesta MARAT\u00d3 t\u00e9 com a objectiu incentivar l\u2019alumnat a millorar el seu nivell ortogr\u00e0fic.<\/p>\n<p>___________________________<\/p>\n<p>NORMES GENERALS DE PARTICIPACI\u00d3:<\/p>\n<p>Cada participant pot concursar en m\u00e9s d\u00b4una categoria i, fins i tot, pot presentar-ne m\u00e9s d\u00b4un treball a la mateixa categoria, sempre i quan s&#8217;atengui a la normativa de concurs que tot seguit s&#8217;especifica.<\/p>\n<p>A m\u00e9s de les condicions particulars \u2013ja descrites- de cadascuna de les modalitats a concurs, els i les participants hauran de respectar les seg\u00fcents pautes generals:<\/p>\n<p>PRESENTACI\u00d3 DELS TREBALLS<\/p>\n<p>\u2022 Els treballs presentats hauran de ser originals i competiran en tres categories:<br \/>\n1r Cicle, 2n Cicle i Batxillerat.<br \/>\nEls concursants hauran d\u2019especificar la categoria a la qual pertanyen en presentar els diversos treballs.<\/p>\n<p>\u2022 Tots els treballs seran presentats juntament amb un sobre on hi haur\u00e0 escrit un PSEUD\u00d2NIM (nom fals), categoria (prosa, poesia, can\u00e7\u00f3, il.lustraci\u00f3) llengua (catal\u00e0, castell\u00e0) i el curs al qual pertany l\u2019autor. Dins d\u2019aquest sobre hi haur\u00e0 un paper on hi constin, a m\u00e9s de les dades que apareixen al sobre, el nom i cognoms reals de l&#8217;autor\/a. L\u2019organitzaci\u00f3 no admetr\u00e0 a concurs cap treball que no acompleixi aquestes condicions. En cas de dubte, consulteu amb el professorat.<br \/>\n\u2022 Els treballs es podran presentar a partir de l&#8217;endem\u00e0 de la publicaci\u00f3 de la present normativa que romandr\u00e0 exposada als taulells d&#8217;informaci\u00f3 .<\/p>\n<p>TERMINIS<\/p>\n<p>\u2022 Els treballs s\u00b4hauran de presentar al vostre professorat FINS EL DIA 18 D\u2019ABRIL<br \/>\n\u2022 Els diversos jurats seran composats per membres del Claustre de Professorat, del Consell Escolar o de l\u00b4AMPA del centre, que es reuniran i fallaran els diversos premis. Aquests seran atorgats durant la celebraci\u00f3 de la Diada de Sant Jordi. Els jurats es reserven el dret de declarar deserts (no premiats) els premis en funci\u00f3 de la falta de qualitat de les obres presentades a concurs o per falta de qu\u00f2rum de participants.<\/p>\n<p>PREMIS I DISTINCIONS<\/p>\n<p>\u2022 Cada categoria es premiar\u00e0 amb diploma, una rosa i una quantitat econ\u00f3mica a determinar. Els premis seran atorgats en forma de xecs nominatius bescanviables per productes a adquirir en diversos establiments de productes culturals de la vila. Els guanyadors i guanyadores rebran a m\u00e9s un diploma acreditatiu de la seva participaci\u00f3.<br \/>\n\u2022 La participaci\u00f3 en qualsevol de les categories a concurs de la present convocat\u00f2ria suposa l&#8217;acceptaci\u00f3 impl\u00edcita de la present normativa per part de l&#8217;alumnat participant. Les presents bases de concurs s\u2019exposaran p\u00fablicament al vest\u00edbul de l\u2019Institut i seran disponibles al portal d\u2019internet (<a href=\"https:\/\/l.facebook.com\/l.php?u=http%3A%2F%2Fwww.xtec.cat%2Fiesmallafre%2Findex.htm&amp;h=ATPD9yrliCd3HF-lB-E1qptCgXLwXe3dxvL8JOr3_5OYDLeS87Yu_r8mb-bvGB7XGsIKeqmGF43NyOAOwpXuoe4EEQwAl6o_sOWgEOOCPa5v06FjURaZDp1U6HKbaj7aBch0ueK1\" target=\"_blank\" rel=\"nofollow noopener noreferrer\" data-ft=\"{&quot;tn&quot;:&quot;-U&quot;}\" data-lynx-mode=\"asynclazy\">http:\/\/www.xtec.cat\/iesmallafre\/index.htm<\/a>)<br \/>\nPer aclarir qualsevol altre dubte relatiu a la present normativa o a la presentaci\u00f3 dels vostres treballs, adreceu-vos als vostres tutors o tutores o a la Coordinadora d\u00b4Activitats i Serveis del centre, l\u2019Esther Mas.<\/p>\n<p>Vilanova i la Geltr\u00fa, abril, 2018<\/p>\n","protected":false},"excerpt":{"rendered":"<p><a href=\"http:\/\/agora.xtec.cat\/iesmallafre\/wp-content\/uploads\/usu105\/2018\/04\/30124486_1747678641966086_8038280478182317527_n.jpg\"><\/a><br \/>\nCONVOCAT\u00d2RIA :<br \/>\nAmb motiu de la Diada de Sant Jordi el proper 23 d&#8217;abril, l&#8217;Institut Dolors Mallafr\u00e8 presenta un any m\u00e9s la convocat\u00f2ria dels Premis Sant Jordi 2018 dins les modalitats que es detallaran tot seguit, i que s\u2019adrecen a tot l&#8217;alumnat del centre.<br \/>\nAt\u00e8s el&hellip;  <a href=\"https:\/\/agora.xtec.cat\/iesmallafre\/general\/concursos-sant-jordi-2018\/\" title=\"Read CONCURSOS SANT JORDI 2018\">Llegeix m\u00e9s\u00bb<\/a><\/p>\n","protected":false},"author":6,"featured_media":1248,"comment_status":"closed","ping_status":"closed","sticky":false,"template":"","format":"standard","meta":{"_bbp_topic_count":0,"_bbp_reply_count":0,"_bbp_total_topic_count":0,"_bbp_total_reply_count":0,"_bbp_voice_count":0,"_bbp_anonymous_reply_count":0,"_bbp_topic_count_hidden":0,"_bbp_reply_count_hidden":0,"_bbp_forum_subforum_count":0,"footnotes":""},"categories":[31,8,3,1,29],"tags":[97,207],"class_list":["post-1247","post","type-post","status-publish","format-standard","has-post-thumbnail","hentry","category-ampa","category-batxillerat","category-eso","category-general","category-portada","tag-concursos","tag-santjordi2018"],"post_mailing_queue_ids":[],"_links":{"self":[{"href":"https:\/\/agora.xtec.cat\/iesmallafre\/wp-json\/wp\/v2\/posts\/1247","targetHints":{"allow":["GET"]}}],"collection":[{"href":"https:\/\/agora.xtec.cat\/iesmallafre\/wp-json\/wp\/v2\/posts"}],"about":[{"href":"https:\/\/agora.xtec.cat\/iesmallafre\/wp-json\/wp\/v2\/types\/post"}],"author":[{"embeddable":true,"href":"https:\/\/agora.xtec.cat\/iesmallafre\/wp-json\/wp\/v2\/users\/6"}],"replies":[{"embeddable":true,"href":"https:\/\/agora.xtec.cat\/iesmallafre\/wp-json\/wp\/v2\/comments?post=1247"}],"version-history":[{"count":2,"href":"https:\/\/agora.xtec.cat\/iesmallafre\/wp-json\/wp\/v2\/posts\/1247\/revisions"}],"predecessor-version":[{"id":1250,"href":"https:\/\/agora.xtec.cat\/iesmallafre\/wp-json\/wp\/v2\/posts\/1247\/revisions\/1250"}],"wp:featuredmedia":[{"embeddable":true,"href":"https:\/\/agora.xtec.cat\/iesmallafre\/wp-json\/wp\/v2\/media\/1248"}],"wp:attachment":[{"href":"https:\/\/agora.xtec.cat\/iesmallafre\/wp-json\/wp\/v2\/media?parent=1247"}],"wp:term":[{"taxonomy":"category","embeddable":true,"href":"https:\/\/agora.xtec.cat\/iesmallafre\/wp-json\/wp\/v2\/categories?post=1247"},{"taxonomy":"post_tag","embeddable":true,"href":"https:\/\/agora.xtec.cat\/iesmallafre\/wp-json\/wp\/v2\/tags?post=1247"}],"curies":[{"name":"wp","href":"https:\/\/api.w.org\/{rel}","templated":true}]}}