{"id":1229,"date":"2018-03-19T09:12:28","date_gmt":"2018-03-19T08:12:28","guid":{"rendered":"http:\/\/agora.xtec.cat\/iesmallafre\/?p=1229"},"modified":"2018-03-19T09:12:55","modified_gmt":"2018-03-19T08:12:55","slug":"intercanvi-al-quebec-noticies-de-la-sonia-cirauqui","status":"publish","type":"post","link":"https:\/\/agora.xtec.cat\/iesmallafre\/general\/intercanvi-al-quebec-noticies-de-la-sonia-cirauqui\/","title":{"rendered":"Intercanvi al Quebec. Not\u00edcies de la S\u00f2nia Cirauqui"},"content":{"rendered":"<p>La nostra alumna S\u00f2nia Cirauqui, que \u00e9s al Quebec en el programa d\u2019intercanvi del Mallafr\u00e8, ens envia aquestes fotos i un missatge de la seva estada. S\u00f2nia, t\u2019enyorem!<\/p>\n<div dir=\"auto\">Missatge de la S\u00f2nia:<\/div>\n<div class=\"gmail_quote\">\n<div class=\"gmail_extra\">\n<div class=\"gmail_quote\">\n<div dir=\"auto\"><\/div>\n<blockquote class=\"gmail_quote\">\n<div class=\"gmail_extra\">\n<div class=\"gmail_quote\">\n<blockquote class=\"gmail_quote\">\n<div class=\"gmail_extra\">\n<div class=\"m_-3020440919209647871m_5049696673732843294m_-7803342924570103323h5\" dir=\"auto\">\n<div class=\"gmail_quote\">\n<blockquote class=\"gmail_quote\">\n<div dir=\"auto\">\n<div dir=\"auto\">Ici je fais beaucoup d&#8217;activit\u00e9s, par exemple je joue au volley, et les filles dans mon \u00e9quipe sont vraiment gentilles avec moi! Elles prennent toujours du temps pour \u00eatre s\u00fbres que je comprends tout ce qu&#8217;elles disent!<\/div>\n<div dir=\"auto\"><\/div>\n<div dir=\"auto\">De plus, j&#8217;ai fait de la planche \u00e0 neige ! Un des sports les plus typiques d&#8217;ici! Et samedi de la semaine prochaine Sara, une amie et moi on va aller \u00e0 voir un match de hockey sur la glace, qui est le sport le plus populaire ici!<\/div>\n<div dir=\"auto\"><\/div>\n<div dir=\"auto\">J&#8217;apprends toujours des nouvelles choses et je suis vraiment contente d&#8217;\u00eatre ici, avec une famille qui m&#8217;aide et qui est tr\u00e8s gentille avec moi, et avec une partenaire d&#8217;\u00e9change extraordinaire, et des ami(e)s qui ont un place dans mon coeur\u00a0 pour toujours!<\/div>\n<div dir=\"auto\"><\/div>\n<div dir=\"auto\"><\/div>\n<div dir=\"auto\">Je m&#8217;ennuie de vous tous!<\/div>\n<div dir=\"auto\"><\/div>\n<div dir=\"auto\">\u00c0 bient\u00f4t !<\/div>\n<div dir=\"auto\"><a href=\"http:\/\/agora.xtec.cat\/iesmallafre\/wp-content\/uploads\/usu105\/2018\/03\/IMG_20180311_101544_702.jpg\"><img loading=\"lazy\" decoding=\"async\" class=\"aligncenter size-large wp-image-1230\" src=\"http:\/\/agora.xtec.cat\/iesmallafre\/wp-content\/uploads\/usu105\/2018\/03\/IMG_20180311_101544_702-1024x817.jpg\" alt=\"\" width=\"1024\" height=\"817\" srcset=\"https:\/\/agora.xtec.cat\/iesmallafre\/wp-content\/uploads\/usu105\/2018\/03\/IMG_20180311_101544_702-1024x817.jpg 1024w, https:\/\/agora.xtec.cat\/iesmallafre\/wp-content\/uploads\/usu105\/2018\/03\/IMG_20180311_101544_702-300x239.jpg 300w, https:\/\/agora.xtec.cat\/iesmallafre\/wp-content\/uploads\/usu105\/2018\/03\/IMG_20180311_101544_702-768x613.jpg 768w, https:\/\/agora.xtec.cat\/iesmallafre\/wp-content\/uploads\/usu105\/2018\/03\/IMG_20180311_101544_702.jpg 1080w\" sizes=\"auto, (max-width: 1024px) 100vw, 1024px\" \/><\/a> <a href=\"http:\/\/agora.xtec.cat\/iesmallafre\/wp-content\/uploads\/usu105\/2018\/03\/IMG_20180311_101544_682.jpg\"><img loading=\"lazy\" decoding=\"async\" class=\"aligncenter size-large wp-image-1231\" src=\"http:\/\/agora.xtec.cat\/iesmallafre\/wp-content\/uploads\/usu105\/2018\/03\/IMG_20180311_101544_682-1024x818.jpg\" alt=\"\" width=\"1024\" height=\"818\" srcset=\"https:\/\/agora.xtec.cat\/iesmallafre\/wp-content\/uploads\/usu105\/2018\/03\/IMG_20180311_101544_682-1024x818.jpg 1024w, https:\/\/agora.xtec.cat\/iesmallafre\/wp-content\/uploads\/usu105\/2018\/03\/IMG_20180311_101544_682-300x240.jpg 300w, https:\/\/agora.xtec.cat\/iesmallafre\/wp-content\/uploads\/usu105\/2018\/03\/IMG_20180311_101544_682-768x614.jpg 768w, https:\/\/agora.xtec.cat\/iesmallafre\/wp-content\/uploads\/usu105\/2018\/03\/IMG_20180311_101544_682.jpg 1080w\" sizes=\"auto, (max-width: 1024px) 100vw, 1024px\" \/><\/a> <a href=\"http:\/\/agora.xtec.cat\/iesmallafre\/wp-content\/uploads\/usu105\/2018\/03\/IMG_20180311_101544_708.jpg\"><img loading=\"lazy\" decoding=\"async\" class=\"aligncenter size-large wp-image-1232\" src=\"http:\/\/agora.xtec.cat\/iesmallafre\/wp-content\/uploads\/usu105\/2018\/03\/IMG_20180311_101544_708.jpg\" alt=\"\" width=\"938\" height=\"750\" srcset=\"https:\/\/agora.xtec.cat\/iesmallafre\/wp-content\/uploads\/usu105\/2018\/03\/IMG_20180311_101544_708.jpg 938w, https:\/\/agora.xtec.cat\/iesmallafre\/wp-content\/uploads\/usu105\/2018\/03\/IMG_20180311_101544_708-300x240.jpg 300w, https:\/\/agora.xtec.cat\/iesmallafre\/wp-content\/uploads\/usu105\/2018\/03\/IMG_20180311_101544_708-768x614.jpg 768w\" sizes=\"auto, (max-width: 938px) 100vw, 938px\" \/><\/a> <a href=\"http:\/\/agora.xtec.cat\/iesmallafre\/wp-content\/uploads\/usu105\/2018\/03\/IMG_20180311_101544_715.jpg\"><img loading=\"lazy\" decoding=\"async\" class=\"aligncenter size-large wp-image-1233\" src=\"http:\/\/agora.xtec.cat\/iesmallafre\/wp-content\/uploads\/usu105\/2018\/03\/IMG_20180311_101544_715-1024x818.jpg\" alt=\"\" width=\"1024\" height=\"818\" srcset=\"https:\/\/agora.xtec.cat\/iesmallafre\/wp-content\/uploads\/usu105\/2018\/03\/IMG_20180311_101544_715-1024x818.jpg 1024w, https:\/\/agora.xtec.cat\/iesmallafre\/wp-content\/uploads\/usu105\/2018\/03\/IMG_20180311_101544_715-300x240.jpg 300w, https:\/\/agora.xtec.cat\/iesmallafre\/wp-content\/uploads\/usu105\/2018\/03\/IMG_20180311_101544_715-768x614.jpg 768w, https:\/\/agora.xtec.cat\/iesmallafre\/wp-content\/uploads\/usu105\/2018\/03\/IMG_20180311_101544_715.jpg 1080w\" sizes=\"auto, (max-width: 1024px) 100vw, 1024px\" \/><\/a><\/div>\n<\/div>\n<\/blockquote>\n<\/div>\n<\/div>\n<\/div>\n<\/blockquote>\n<\/div>\n<\/div>\n<\/blockquote>\n<\/div>\n<\/div>\n<\/div>\n","protected":false},"excerpt":{"rendered":"<p>La nostra alumna S\u00f2nia Cirauqui, que \u00e9s al Quebec en el programa d\u2019intercanvi del Mallafr\u00e8, ens envia aquestes fotos i un missatge de la seva estada. S\u00f2nia, t\u2019enyorem!<br \/>\nMissatge de la S\u00f2nia:<\/p>\n<p>Ici je fais beaucoup d&#8217;activit\u00e9s, par exemple je joue au volley, et les filles dans&hellip;  <a href=\"https:\/\/agora.xtec.cat\/iesmallafre\/general\/intercanvi-al-quebec-noticies-de-la-sonia-cirauqui\/\" title=\"Read Intercanvi al Quebec. Not\u00edcies de la S\u00f2nia Cirauqui\">Llegeix m\u00e9s\u00bb<\/a><\/p>\n","protected":false},"author":6,"featured_media":1231,"comment_status":"closed","ping_status":"closed","sticky":false,"template":"","format":"standard","meta":{"_bbp_topic_count":0,"_bbp_reply_count":0,"_bbp_total_topic_count":0,"_bbp_total_reply_count":0,"_bbp_voice_count":0,"_bbp_anonymous_reply_count":0,"_bbp_topic_count_hidden":0,"_bbp_reply_count_hidden":0,"_bbp_forum_subforum_count":0,"footnotes":""},"categories":[31,8,3,1,29],"tags":[177],"class_list":["post-1229","post","type-post","status-publish","format-standard","has-post-thumbnail","hentry","category-ampa","category-batxillerat","category-eso","category-general","category-portada","tag-intercanvi"],"post_mailing_queue_ids":[],"_links":{"self":[{"href":"https:\/\/agora.xtec.cat\/iesmallafre\/wp-json\/wp\/v2\/posts\/1229","targetHints":{"allow":["GET"]}}],"collection":[{"href":"https:\/\/agora.xtec.cat\/iesmallafre\/wp-json\/wp\/v2\/posts"}],"about":[{"href":"https:\/\/agora.xtec.cat\/iesmallafre\/wp-json\/wp\/v2\/types\/post"}],"author":[{"embeddable":true,"href":"https:\/\/agora.xtec.cat\/iesmallafre\/wp-json\/wp\/v2\/users\/6"}],"replies":[{"embeddable":true,"href":"https:\/\/agora.xtec.cat\/iesmallafre\/wp-json\/wp\/v2\/comments?post=1229"}],"version-history":[{"count":1,"href":"https:\/\/agora.xtec.cat\/iesmallafre\/wp-json\/wp\/v2\/posts\/1229\/revisions"}],"predecessor-version":[{"id":1234,"href":"https:\/\/agora.xtec.cat\/iesmallafre\/wp-json\/wp\/v2\/posts\/1229\/revisions\/1234"}],"wp:featuredmedia":[{"embeddable":true,"href":"https:\/\/agora.xtec.cat\/iesmallafre\/wp-json\/wp\/v2\/media\/1231"}],"wp:attachment":[{"href":"https:\/\/agora.xtec.cat\/iesmallafre\/wp-json\/wp\/v2\/media?parent=1229"}],"wp:term":[{"taxonomy":"category","embeddable":true,"href":"https:\/\/agora.xtec.cat\/iesmallafre\/wp-json\/wp\/v2\/categories?post=1229"},{"taxonomy":"post_tag","embeddable":true,"href":"https:\/\/agora.xtec.cat\/iesmallafre\/wp-json\/wp\/v2\/tags?post=1229"}],"curies":[{"name":"wp","href":"https:\/\/api.w.org\/{rel}","templated":true}]}}