{"id":1226,"date":"2018-03-08T20:37:33","date_gmt":"2018-03-08T19:37:33","guid":{"rendered":"http:\/\/agora.xtec.cat\/iesmallafre\/?p=1226"},"modified":"2018-03-08T20:37:33","modified_gmt":"2018-03-08T19:37:33","slug":"concurs-de-micropoemes-de-linstitut-frances-de-barcelona","status":"publish","type":"post","link":"https:\/\/agora.xtec.cat\/iesmallafre\/general\/concurs-de-micropoemes-de-linstitut-frances-de-barcelona\/","title":{"rendered":"Concurs de Micropoemes de l&#8217;Institut Franc\u00e8s de Barcelona"},"content":{"rendered":"<p><a href=\"http:\/\/agora.xtec.cat\/iesmallafre\/wp-content\/uploads\/usu105\/2018\/03\/imagen.jpg\"><img loading=\"lazy\" decoding=\"async\" class=\"aligncenter size-large wp-image-1227\" src=\"http:\/\/agora.xtec.cat\/iesmallafre\/wp-content\/uploads\/usu105\/2018\/03\/imagen-1024x724.jpg\" alt=\"\" width=\"1024\" height=\"724\" srcset=\"https:\/\/agora.xtec.cat\/iesmallafre\/wp-content\/uploads\/usu105\/2018\/03\/imagen-1024x724.jpg 1024w, https:\/\/agora.xtec.cat\/iesmallafre\/wp-content\/uploads\/usu105\/2018\/03\/imagen-300x212.jpg 300w, https:\/\/agora.xtec.cat\/iesmallafre\/wp-content\/uploads\/usu105\/2018\/03\/imagen-768x543.jpg 768w\" sizes=\"auto, (max-width: 1024px) 100vw, 1024px\" \/><\/a><\/p>\n<p>Els alumnes de franc\u00e8s del Mallafr\u00e8 han participat en el 1r Concurs de Micropoemes de l&#8217;Institut Franc\u00e8s de Barcelona. S&#8217;havien de presentar 3 poemes entre 2 i 8 versos, almenys un dels quals en franc\u00e8s, els altres dos podien ser en catal\u00e0 o castell\u00e0. Els nostres alumnes els han presentat tos tres en catal\u00e0! Els poetes i les poetes guanyadors seran anunciats en una gala que se celebrar\u00e0 el dia 13 de mar\u00e7 a l&#8217;Institut Franc\u00e8s.<\/p>\n<p><a href=\"http:\/\/www.institutfrancais.es\/barcelona\/fr\/eventos\/i-concours-de-micropoemes-de-linstitut-francais-2\/\">Enlla\u00e7 al concurs<\/a><\/p>\n<div>Molta sort a tots els participants!<\/div>\n","protected":false},"excerpt":{"rendered":"<p><a href=\"http:\/\/agora.xtec.cat\/iesmallafre\/wp-content\/uploads\/usu105\/2018\/03\/imagen.jpg\"><\/a><br \/>\nEls alumnes de franc\u00e8s del Mallafr\u00e8 han participat en el 1r Concurs de Micropoemes de l&#8217;Institut Franc\u00e8s de Barcelona. S&#8217;havien de presentar 3 poemes entre 2 i 8 versos, almenys un dels quals en franc\u00e8s, els altres dos podien ser en catal\u00e0 o castell\u00e0.&hellip;  <a href=\"https:\/\/agora.xtec.cat\/iesmallafre\/general\/concurs-de-micropoemes-de-linstitut-frances-de-barcelona\/\" title=\"Read Concurs de Micropoemes de l&#8217;Institut Franc\u00e8s de Barcelona\">Llegeix m\u00e9s\u00bb<\/a><\/p>\n","protected":false},"author":6,"featured_media":1227,"comment_status":"closed","ping_status":"closed","sticky":false,"template":"","format":"standard","meta":{"_bbp_topic_count":0,"_bbp_reply_count":0,"_bbp_total_topic_count":0,"_bbp_total_reply_count":0,"_bbp_voice_count":0,"_bbp_anonymous_reply_count":0,"_bbp_topic_count_hidden":0,"_bbp_reply_count_hidden":0,"_bbp_forum_subforum_count":0,"footnotes":""},"categories":[31,8,3,1,29],"tags":[97,120],"class_list":["post-1226","post","type-post","status-publish","format-standard","has-post-thumbnail","hentry","category-ampa","category-batxillerat","category-eso","category-general","category-portada","tag-concursos","tag-frances"],"post_mailing_queue_ids":[],"_links":{"self":[{"href":"https:\/\/agora.xtec.cat\/iesmallafre\/wp-json\/wp\/v2\/posts\/1226","targetHints":{"allow":["GET"]}}],"collection":[{"href":"https:\/\/agora.xtec.cat\/iesmallafre\/wp-json\/wp\/v2\/posts"}],"about":[{"href":"https:\/\/agora.xtec.cat\/iesmallafre\/wp-json\/wp\/v2\/types\/post"}],"author":[{"embeddable":true,"href":"https:\/\/agora.xtec.cat\/iesmallafre\/wp-json\/wp\/v2\/users\/6"}],"replies":[{"embeddable":true,"href":"https:\/\/agora.xtec.cat\/iesmallafre\/wp-json\/wp\/v2\/comments?post=1226"}],"version-history":[{"count":1,"href":"https:\/\/agora.xtec.cat\/iesmallafre\/wp-json\/wp\/v2\/posts\/1226\/revisions"}],"predecessor-version":[{"id":1228,"href":"https:\/\/agora.xtec.cat\/iesmallafre\/wp-json\/wp\/v2\/posts\/1226\/revisions\/1228"}],"wp:featuredmedia":[{"embeddable":true,"href":"https:\/\/agora.xtec.cat\/iesmallafre\/wp-json\/wp\/v2\/media\/1227"}],"wp:attachment":[{"href":"https:\/\/agora.xtec.cat\/iesmallafre\/wp-json\/wp\/v2\/media?parent=1226"}],"wp:term":[{"taxonomy":"category","embeddable":true,"href":"https:\/\/agora.xtec.cat\/iesmallafre\/wp-json\/wp\/v2\/categories?post=1226"},{"taxonomy":"post_tag","embeddable":true,"href":"https:\/\/agora.xtec.cat\/iesmallafre\/wp-json\/wp\/v2\/tags?post=1226"}],"curies":[{"name":"wp","href":"https:\/\/api.w.org\/{rel}","templated":true}]}}